{"id":199044,"date":"2021-09-29T08:21:23","date_gmt":"2021-09-29T05:21:23","guid":{"rendered":"http:\/\/107.6.182.27\/es\/?p=199044"},"modified":"2023-01-10T15:33:13","modified_gmt":"2023-01-10T13:33:13","slug":"199044","status":"publish","type":"post","link":"https:\/\/archive.sana.sy\/es\/?p=199044","title":{"rendered":"Titulares de la agencia SANA, 29 de septiembre 2021"},"content":{"rendered":"<p><span style=\"color: #800000;\"><strong>Damasco, 29 sep (SANA)<\/strong><\/span><\/p>\n<p>????Ej\u00e9rcito sirio fij\u00f3 nuevas posiciones militares en \u00e1reas aleda\u00f1as al Gol\u00e1n sirio ocupado en el extremo noroeste de Deraa (+ fotos).<\/p>\n<p>????Sabbagh: Las reconciliaciones logradas en Deraa corroboran el inter\u00e9s de Siria en restaurar la estabilidad.<\/p>\n<p>????Rusia se compromete la unidad, la soberan\u00eda y la integridad territorial de Siria.<\/p>\n<p>????Decenas de familias desplazadas retornan a sus hogares en Hish\/Idlib.<\/p>\n<p>????Canciller al-Mekdad destaca importancia de desenmascarar las pr\u00e1cticas inhumanas de EEUU ante su pueblo.<\/p>\n<p>????Al-Mekdad se re\u00fane con empresarios de la comunidad siria en el Cairo.<\/p>\n<p>????Siria y Jordania acuerdan mecanismo de trabajo conjunto para impulsar la cooperaci\u00f3n en varios campos.<\/p>\n<p>????Tassil, otra ciudad de Deraa se incorpora a la reconciliaci\u00f3n.<\/p>\n<p>????Incrustar la plata en el cobre, una artesan\u00eda damascena que requiere paciencia y talento.<\/p>\n<p>????Teher\u00e1n reitera llamados a Occidente para levantar medidas coercitivas impuestas al pueblo sirio.<\/p>\n<p>????Siria y Jordania acuerdan desarrollar cooperaci\u00f3n en campos de comercio, energ\u00eda, agricultura, agua y transporte.<\/p>\n<p>????Siria vista por artistas rusos, jornada de arte pl\u00e1stico ruso en el Museo de Damasco.<\/p>\n<p>????Jordania reanuda sus vuelos a Siria el pr\u00f3ximo domingo.<\/p>\n<p>????Primer Ministro jordano destaca importancia de fortalecer las relaciones de cooperaci\u00f3n con Siria..<\/p>\n<p>????Ministro de Econom\u00eda sirio comenta sobre resultados de la visita de la delegaci\u00f3n ministerial siria a Jordania.<\/p>\n<p>????Empresas serbias podr\u00edan invertir en el campo de materiales bituminosos para generar electricidad en Siria.<\/p>\n<p>????Nuestro legado es nuestra identidad, jornada cultural tradicional en el antiguo palacio Azem en Damasco.<\/p>\n<p>????Varios civiles resultan heridos por dos explosiones en Jarablus\/Alepo.<\/p>\n<p>????Ministerio de Industria revela notable aumento en n\u00famero de plantas en fase de producci\u00f3n.<\/p>\n<p>????Pedersen anuncia fecha para pr\u00f3xima reuni\u00f3n del Comit\u00e9 Constitucional sirio en Ginebra.<\/p>\n<p>????Ir\u00e1n insta de nuevo a levantar las injustas sanciones impuestas a Siria.<\/p>\n<p>????Siria confirma 12 nuevos decesos por Covid-19.<\/p>\n<p>????Ir\u00e1n no tolerar\u00e1 presencia de la entidad sionista cerca de sus fronteras.<\/p>\n<p>????Caza ruso intercepta avi\u00f3n esp\u00eda estadounidense sobre el Mar Negro.<\/p>\n<p>????Agresiones israel\u00edes dejan a varios palestinos heridos, incluido un ni\u00f1o, en Hebr\u00f3n.<\/p>\n<p>????Pent\u00e1gono reconoce su fracaso estrat\u00e9gico en Afganist\u00e1n.<\/p>\n","protected":false},"excerpt":{"rendered":"<p>Damasco, 29 sep (SANA) ????Ej\u00e9rcito sirio fij\u00f3 nuevas posiciones militares en \u00e1reas aleda\u00f1as al Gol\u00e1n sirio ocupado en el extremo noroeste de Deraa (+ fotos). ????Sabbagh: Las reconciliaciones logradas en Deraa corroboran el inter\u00e9s de Siria en restaurar la estabilidad. ????Rusia se compromete la unidad, la soberan\u00eda y la integridad territorial de Siria. ????Decenas de &hellip;<\/p>\n","protected":false},"author":35,"featured_media":199045,"comment_status":"closed","ping_status":"closed","sticky":false,"template":"","format":"standard","meta":{"footnotes":""},"categories":[447,555,597,476],"tags":[],"class_list":["post-199044","post","type-post","status-publish","format-standard","has-post-thumbnail","","category-local-politica","category-prensa","category-cinta-de-noticias","category-locales"],"_links":{"self":[{"href":"https:\/\/archive.sana.sy\/es\/index.php?rest_route=\/wp\/v2\/posts\/199044"}],"collection":[{"href":"https:\/\/archive.sana.sy\/es\/index.php?rest_route=\/wp\/v2\/posts"}],"about":[{"href":"https:\/\/archive.sana.sy\/es\/index.php?rest_route=\/wp\/v2\/types\/post"}],"author":[{"embeddable":true,"href":"https:\/\/archive.sana.sy\/es\/index.php?rest_route=\/wp\/v2\/users\/35"}],"replies":[{"embeddable":true,"href":"https:\/\/archive.sana.sy\/es\/index.php?rest_route=%2Fwp%2Fv2%2Fcomments&post=199044"}],"version-history":[{"count":0,"href":"https:\/\/archive.sana.sy\/es\/index.php?rest_route=\/wp\/v2\/posts\/199044\/revisions"}],"wp:featuredmedia":[{"embeddable":true,"href":"https:\/\/archive.sana.sy\/es\/index.php?rest_route=\/wp\/v2\/media\/199045"}],"wp:attachment":[{"href":"https:\/\/archive.sana.sy\/es\/index.php?rest_route=%2Fwp%2Fv2%2Fmedia&parent=199044"}],"wp:term":[{"taxonomy":"category","embeddable":true,"href":"https:\/\/archive.sana.sy\/es\/index.php?rest_route=%2Fwp%2Fv2%2Fcategories&post=199044"},{"taxonomy":"post_tag","embeddable":true,"href":"https:\/\/archive.sana.sy\/es\/index.php?rest_route=%2Fwp%2Fv2%2Ftags&post=199044"}],"curies":[{"name":"wp","href":"https:\/\/api.w.org\/{rel}","templated":true}]}}