{"id":199081,"date":"2021-09-29T11:57:39","date_gmt":"2021-09-29T08:57:39","guid":{"rendered":"http:\/\/107.6.182.27\/es\/?p=199081"},"modified":"2023-01-10T14:25:53","modified_gmt":"2023-01-10T12:25:53","slug":"al-menos-seis-terroristas-proturcos-mueren-en-pugnas-en-ras-al-ain-provincia-de-hasakeh","status":"publish","type":"post","link":"https:\/\/archive.sana.sy\/es\/?p=199081","title":{"rendered":"Al menos seis terroristas proturcos mueren en pugnas en Ras al-Ain\/ provincia de Hasakeh"},"content":{"rendered":"<p style=\"text-align: justify;\"><strong><span style=\"color: #800000;\">Hasakeh, 29 sep (SANA)<\/span><\/strong><\/p>\n<p style=\"text-align: justify;\">Seis mercenarios apadrinados por la ocupaci\u00f3n turca murieron y otros cinco resultaron heridos durante nuevos enfrentamiento internos en la ciudad ocupada de Ras al-Ain, en el noroeste de la provincia de Hasakeh.<\/p>\n<p style=\"text-align: justify;\">Seg\u00fan informaron activistas locales a SANA, los enfrentamientos se produjeron con ametralladoras y mortero entre dos grupos terroristas de la denominada &#8220;Brigada al-Mutasem&#8221; afiliada al denominado &#8220;Ej\u00e9rcito Libre&#8221; vinculado a las tropas de ocupaci\u00f3n turcas en Ras al-Ain.<\/p>\n<p style=\"text-align: justify;\">En la v\u00edspera, semejantes enfrentamientos entre mercenarios del ocupante turco ocurrieron en la misma ciudad a consecuencia de disputas entre dos grupos de la denominada &#8221; Divisi\u00f3n Al-Mutasem&#8221; para controlar puestos de control y apoderarse de las casas de los civiles desplazados.<\/p>\n<p style=\"text-align: justify;\">Los choques ocasionaron da\u00f1os materiales en las propiedades p\u00fablicas y privadas, adem\u00e1s de la destrucci\u00f3n de equipos militares de ambos bandos en pugna.<\/p>\n<p style=\"text-align: justify;\"><span style=\"color: #0000ff;\">ed\/fm<\/span><\/p>\n","protected":false},"excerpt":{"rendered":"<p>Hasakeh, 29 sep (SANA) Seis mercenarios apadrinados por la ocupaci\u00f3n turca murieron y otros cinco resultaron heridos durante nuevos enfrentamiento internos en la ciudad ocupada de Ras al-Ain, en el noroeste de la provincia de Hasakeh. Seg\u00fan informaron activistas locales a SANA, los enfrentamientos se produjeron con ametralladoras y mortero entre dos grupos terroristas de &hellip;<\/p>\n","protected":false},"author":32,"featured_media":199082,"comment_status":"closed","ping_status":"closed","sticky":false,"template":"","format":"standard","meta":{"footnotes":""},"categories":[477,447,597,476,7541],"tags":[],"class_list":["post-199081","post","type-post","status-publish","format-standard","has-post-thumbnail","","category-noticias-edulcorantes","category-local-politica","category-cinta-de-noticias","category-locales","category-ultimas-noticias"],"_links":{"self":[{"href":"https:\/\/archive.sana.sy\/es\/index.php?rest_route=\/wp\/v2\/posts\/199081"}],"collection":[{"href":"https:\/\/archive.sana.sy\/es\/index.php?rest_route=\/wp\/v2\/posts"}],"about":[{"href":"https:\/\/archive.sana.sy\/es\/index.php?rest_route=\/wp\/v2\/types\/post"}],"author":[{"embeddable":true,"href":"https:\/\/archive.sana.sy\/es\/index.php?rest_route=\/wp\/v2\/users\/32"}],"replies":[{"embeddable":true,"href":"https:\/\/archive.sana.sy\/es\/index.php?rest_route=%2Fwp%2Fv2%2Fcomments&post=199081"}],"version-history":[{"count":0,"href":"https:\/\/archive.sana.sy\/es\/index.php?rest_route=\/wp\/v2\/posts\/199081\/revisions"}],"wp:featuredmedia":[{"embeddable":true,"href":"https:\/\/archive.sana.sy\/es\/index.php?rest_route=\/wp\/v2\/media\/199082"}],"wp:attachment":[{"href":"https:\/\/archive.sana.sy\/es\/index.php?rest_route=%2Fwp%2Fv2%2Fmedia&parent=199081"}],"wp:term":[{"taxonomy":"category","embeddable":true,"href":"https:\/\/archive.sana.sy\/es\/index.php?rest_route=%2Fwp%2Fv2%2Fcategories&post=199081"},{"taxonomy":"post_tag","embeddable":true,"href":"https:\/\/archive.sana.sy\/es\/index.php?rest_route=%2Fwp%2Fv2%2Ftags&post=199081"}],"curies":[{"name":"wp","href":"https:\/\/api.w.org\/{rel}","templated":true}]}}