{"id":199084,"date":"2021-09-29T12:47:38","date_gmt":"2021-09-29T09:47:38","guid":{"rendered":"http:\/\/107.6.182.27\/es\/?p=199084"},"modified":"2021-09-29T12:47:38","modified_gmt":"2021-09-29T09:47:38","slug":"iran-exigio-a-onu-que-actue-para-cesar-agresiones-israelies-contra-siria","status":"publish","type":"post","link":"https:\/\/archive.sana.sy\/es\/?p=199084","title":{"rendered":"Ir\u00e1n exigi\u00f3 a ONU que act\u00fae para cesar agresiones israel\u00edes contra Siria"},"content":{"rendered":"<p style=\"text-align: justify;\"><strong><span style=\"color: #800000;\">Nueva York, 29 sep (SANA)<\/span><\/strong><\/p>\n<p style=\"text-align: justify;\">El embajador y representante permanente de Ir\u00e1n ante la Organizaci\u00f3n de Naciones Unidas (ONU), Majid Takht Ravanchi, pidi\u00f3 a la comunidad internacional y al Consejo de Seguridad que cumplan con sus responsabilidades e intervengan para detener de inmediato los repetidos bombardeos israel\u00edes contra el Estado sirio.<\/p>\n<p style=\"text-align: justify;\">Durante una sesi\u00f3n del Consejo de Seguridad, el diplom\u00e1tico iran\u00ed asever\u00f3 que estos ataques y pr\u00e1cticas provocativas constituyen una flagrante violaci\u00f3n de las leyes internacionales y amenazan la paz y la seguridad regionales e internacionales.<\/p>\n<p style=\"text-align: justify;\">&#8220;Todas las fuerzas extranjeras que ocupan partes del territorio sirio deben retirarse del pa\u00eds sin condiciones previas, adem\u00e1s de continuar la lucha contra todos los grupos terroristas que ponen en riesgo la seguridad y unidad de Siria&#8221; manifest\u00f3 Ravanchi.<\/p>\n<p style=\"text-align: justify;\">Recalc\u00f3 la necesidad de iniciar la reconstrucci\u00f3n de Siria y ayudar en el retorno de los refugiados sirios a su pa\u00eds, de acuerdo con la Resoluci\u00f3n 2585, que tiene como objetivo satisfacer las necesidades inmediatas del pueblo sirio.<\/p>\n<p style=\"text-align: justify;\"><span style=\"color: #0000ff;\"><strong>ws\/fm<\/strong><\/span><\/p>\n","protected":false},"excerpt":{"rendered":"<p>Nueva York, 29 sep (SANA) El embajador y representante permanente de Ir\u00e1n ante la Organizaci\u00f3n de Naciones Unidas (ONU), Majid Takht Ravanchi, pidi\u00f3 a la comunidad internacional y al Consejo de Seguridad que cumplan con sus responsabilidades e intervengan para detener de inmediato los repetidos bombardeos israel\u00edes contra el Estado sirio. Durante una sesi\u00f3n del &hellip;<\/p>\n","protected":false},"author":35,"featured_media":199085,"comment_status":"closed","ping_status":"closed","sticky":false,"template":"","format":"standard","meta":{"footnotes":""},"categories":[597,467,7541],"tags":[],"class_list":["post-199084","post","type-post","status-publish","format-standard","has-post-thumbnail","","category-cinta-de-noticias","category-siria-y-el-mundo","category-ultimas-noticias"],"_links":{"self":[{"href":"https:\/\/archive.sana.sy\/es\/index.php?rest_route=\/wp\/v2\/posts\/199084"}],"collection":[{"href":"https:\/\/archive.sana.sy\/es\/index.php?rest_route=\/wp\/v2\/posts"}],"about":[{"href":"https:\/\/archive.sana.sy\/es\/index.php?rest_route=\/wp\/v2\/types\/post"}],"author":[{"embeddable":true,"href":"https:\/\/archive.sana.sy\/es\/index.php?rest_route=\/wp\/v2\/users\/35"}],"replies":[{"embeddable":true,"href":"https:\/\/archive.sana.sy\/es\/index.php?rest_route=%2Fwp%2Fv2%2Fcomments&post=199084"}],"version-history":[{"count":0,"href":"https:\/\/archive.sana.sy\/es\/index.php?rest_route=\/wp\/v2\/posts\/199084\/revisions"}],"wp:featuredmedia":[{"embeddable":true,"href":"https:\/\/archive.sana.sy\/es\/index.php?rest_route=\/wp\/v2\/media\/199085"}],"wp:attachment":[{"href":"https:\/\/archive.sana.sy\/es\/index.php?rest_route=%2Fwp%2Fv2%2Fmedia&parent=199084"}],"wp:term":[{"taxonomy":"category","embeddable":true,"href":"https:\/\/archive.sana.sy\/es\/index.php?rest_route=%2Fwp%2Fv2%2Fcategories&post=199084"},{"taxonomy":"post_tag","embeddable":true,"href":"https:\/\/archive.sana.sy\/es\/index.php?rest_route=%2Fwp%2Fv2%2Ftags&post=199084"}],"curies":[{"name":"wp","href":"https:\/\/api.w.org\/{rel}","templated":true}]}}