{"id":199087,"date":"2021-09-29T12:57:29","date_gmt":"2021-09-29T09:57:29","guid":{"rendered":"http:\/\/107.6.182.27\/es\/?p=199087"},"modified":"2021-09-29T13:01:11","modified_gmt":"2021-09-29T10:01:11","slug":"muere-un-bombero-durante-el-desempeno-de-su-labor-en-la-extincion-de-un-incendio-en-el-viejo-damasco-fotos","status":"publish","type":"post","link":"https:\/\/archive.sana.sy\/es\/?p=199087","title":{"rendered":"Muere un bombero durante el desempe\u00f1o de su labor en la extinci\u00f3n de un incendio en el viejo Damasco (+ fotos)"},"content":{"rendered":"<p style=\"text-align: justify;\"><strong><span style=\"color: #800000;\">Damasco, 29 sep (SANA)<\/span><\/strong><\/p>\n<p style=\"text-align: justify;\">Un incendio se produjo hoy en una tienda de telas en la zona de al-Hariqa, cerca del mercado antiguo de Madhat Pasha en la ciudad vieja de Damasco, seg\u00fan inform\u00f3 el corresponsal de SANA.<\/p>\n<p style=\"text-align: justify;\">La Brigada de Bomberos de Damasco inform\u00f3 que un bombero perdi\u00f3 su vida mientras participaba en las labores de extinci\u00f3n del fuego que estall\u00f3 en un almac\u00e9n de telas.<\/p>\n<p style=\"text-align: justify;\">Tambi\u00e9n se reportaron dos casos de asfixia entre los civiles, y seis tiendas fueron quemadas.<\/p>\n<div id='gallery-1' class='gallery galleryid-199087 gallery-columns-1 gallery-size-full'><figure class='gallery-item'>\n\t\t\t<div class='gallery-icon landscape'>\n\t\t\t\t<a href='https:\/\/archive.sana.sy\/es\/?attachment_id=199090'><img loading=\"lazy\" decoding=\"async\" width=\"2560\" height=\"1634\" src=\"https:\/\/archive.sana.sy\/es\/wp-content\/uploads\/2021\/09\/photo_2021-09-29_10-44-02-scaled.jpg\" class=\"attachment-full size-full\" alt=\"\" srcset=\"https:\/\/archive.sana.sy\/es\/wp-content\/uploads\/2021\/09\/photo_2021-09-29_10-44-02-scaled.jpg 2560w, https:\/\/archive.sana.sy\/es\/wp-content\/uploads\/2021\/09\/photo_2021-09-29_10-44-02-300x191.jpg 300w, https:\/\/archive.sana.sy\/es\/wp-content\/uploads\/2021\/09\/photo_2021-09-29_10-44-02-1024x653.jpg 1024w, https:\/\/archive.sana.sy\/es\/wp-content\/uploads\/2021\/09\/photo_2021-09-29_10-44-02-150x96.jpg 150w, https:\/\/archive.sana.sy\/es\/wp-content\/uploads\/2021\/09\/photo_2021-09-29_10-44-02-768x490.jpg 768w, https:\/\/archive.sana.sy\/es\/wp-content\/uploads\/2021\/09\/photo_2021-09-29_10-44-02-1536x980.jpg 1536w, https:\/\/archive.sana.sy\/es\/wp-content\/uploads\/2021\/09\/photo_2021-09-29_10-44-02-2048x1307.jpg 2048w\" sizes=\"(max-width: 2560px) 100vw, 2560px\" \/><\/a>\n\t\t\t<\/div><\/figure><figure class='gallery-item'>\n\t\t\t<div class='gallery-icon landscape'>\n\t\t\t\t<a href='https:\/\/archive.sana.sy\/es\/?attachment_id=199092'><img loading=\"lazy\" decoding=\"async\" width=\"2560\" height=\"1849\" src=\"https:\/\/archive.sana.sy\/es\/wp-content\/uploads\/2021\/09\/photo_2021-09-29_10-53-26-2-scaled.jpg\" class=\"attachment-full size-full\" alt=\"\" srcset=\"https:\/\/archive.sana.sy\/es\/wp-content\/uploads\/2021\/09\/photo_2021-09-29_10-53-26-2-scaled.jpg 2560w, https:\/\/archive.sana.sy\/es\/wp-content\/uploads\/2021\/09\/photo_2021-09-29_10-53-26-2-300x217.jpg 300w, https:\/\/archive.sana.sy\/es\/wp-content\/uploads\/2021\/09\/photo_2021-09-29_10-53-26-2-1024x740.jpg 1024w, https:\/\/archive.sana.sy\/es\/wp-content\/uploads\/2021\/09\/photo_2021-09-29_10-53-26-2-150x108.jpg 150w, https:\/\/archive.sana.sy\/es\/wp-content\/uploads\/2021\/09\/photo_2021-09-29_10-53-26-2-768x555.jpg 768w, https:\/\/archive.sana.sy\/es\/wp-content\/uploads\/2021\/09\/photo_2021-09-29_10-53-26-2-1536x1109.jpg 1536w, https:\/\/archive.sana.sy\/es\/wp-content\/uploads\/2021\/09\/photo_2021-09-29_10-53-26-2-2048x1479.jpg 2048w\" sizes=\"(max-width: 2560px) 100vw, 2560px\" \/><\/a>\n\t\t\t<\/div><\/figure><figure class='gallery-item'>\n\t\t\t<div class='gallery-icon landscape'>\n\t\t\t\t<a href='https:\/\/archive.sana.sy\/es\/?attachment_id=199093'><img loading=\"lazy\" decoding=\"async\" width=\"2560\" height=\"1712\" src=\"https:\/\/archive.sana.sy\/es\/wp-content\/uploads\/2021\/09\/photo_2021-09-29_10-53-30-3-scaled.jpg\" class=\"attachment-full size-full\" alt=\"\" srcset=\"https:\/\/archive.sana.sy\/es\/wp-content\/uploads\/2021\/09\/photo_2021-09-29_10-53-30-3-scaled.jpg 2560w, https:\/\/archive.sana.sy\/es\/wp-content\/uploads\/2021\/09\/photo_2021-09-29_10-53-30-3-300x201.jpg 300w, https:\/\/archive.sana.sy\/es\/wp-content\/uploads\/2021\/09\/photo_2021-09-29_10-53-30-3-1024x685.jpg 1024w, https:\/\/archive.sana.sy\/es\/wp-content\/uploads\/2021\/09\/photo_2021-09-29_10-53-30-3-150x100.jpg 150w, https:\/\/archive.sana.sy\/es\/wp-content\/uploads\/2021\/09\/photo_2021-09-29_10-53-30-3-768x514.jpg 768w, https:\/\/archive.sana.sy\/es\/wp-content\/uploads\/2021\/09\/photo_2021-09-29_10-53-30-3-1536x1027.jpg 1536w, https:\/\/archive.sana.sy\/es\/wp-content\/uploads\/2021\/09\/photo_2021-09-29_10-53-30-3-2048x1370.jpg 2048w, https:\/\/archive.sana.sy\/es\/wp-content\/uploads\/2021\/09\/photo_2021-09-29_10-53-30-3-110x75.jpg 110w\" sizes=\"(max-width: 2560px) 100vw, 2560px\" \/><\/a>\n\t\t\t<\/div><\/figure><figure class='gallery-item'>\n\t\t\t<div class='gallery-icon landscape'>\n\t\t\t\t<a href='https:\/\/archive.sana.sy\/es\/?attachment_id=199094'><img loading=\"lazy\" decoding=\"async\" width=\"2560\" height=\"1747\" src=\"https:\/\/archive.sana.sy\/es\/wp-content\/uploads\/2021\/09\/photo_2021-09-29_10-53-31-4-scaled.jpg\" class=\"attachment-full size-full\" alt=\"\" srcset=\"https:\/\/archive.sana.sy\/es\/wp-content\/uploads\/2021\/09\/photo_2021-09-29_10-53-31-4-scaled.jpg 2560w, https:\/\/archive.sana.sy\/es\/wp-content\/uploads\/2021\/09\/photo_2021-09-29_10-53-31-4-300x205.jpg 300w, https:\/\/archive.sana.sy\/es\/wp-content\/uploads\/2021\/09\/photo_2021-09-29_10-53-31-4-1024x699.jpg 1024w, https:\/\/archive.sana.sy\/es\/wp-content\/uploads\/2021\/09\/photo_2021-09-29_10-53-31-4-150x102.jpg 150w, https:\/\/archive.sana.sy\/es\/wp-content\/uploads\/2021\/09\/photo_2021-09-29_10-53-31-4-768x524.jpg 768w, https:\/\/archive.sana.sy\/es\/wp-content\/uploads\/2021\/09\/photo_2021-09-29_10-53-31-4-1536x1048.jpg 1536w, https:\/\/archive.sana.sy\/es\/wp-content\/uploads\/2021\/09\/photo_2021-09-29_10-53-31-4-2048x1398.jpg 2048w, https:\/\/archive.sana.sy\/es\/wp-content\/uploads\/2021\/09\/photo_2021-09-29_10-53-31-4-110x75.jpg 110w\" sizes=\"(max-width: 2560px) 100vw, 2560px\" \/><\/a>\n\t\t\t<\/div><\/figure><figure class='gallery-item'>\n\t\t\t<div class='gallery-icon landscape'>\n\t\t\t\t<a href='https:\/\/archive.sana.sy\/es\/?attachment_id=199095'><img loading=\"lazy\" decoding=\"async\" width=\"2560\" height=\"1650\" src=\"https:\/\/archive.sana.sy\/es\/wp-content\/uploads\/2021\/09\/photo_2021-09-29_10-53-32-2-scaled.jpg\" class=\"attachment-full size-full\" alt=\"\" srcset=\"https:\/\/archive.sana.sy\/es\/wp-content\/uploads\/2021\/09\/photo_2021-09-29_10-53-32-2-scaled.jpg 2560w, https:\/\/archive.sana.sy\/es\/wp-content\/uploads\/2021\/09\/photo_2021-09-29_10-53-32-2-300x193.jpg 300w, https:\/\/archive.sana.sy\/es\/wp-content\/uploads\/2021\/09\/photo_2021-09-29_10-53-32-2-1024x660.jpg 1024w, https:\/\/archive.sana.sy\/es\/wp-content\/uploads\/2021\/09\/photo_2021-09-29_10-53-32-2-150x97.jpg 150w, https:\/\/archive.sana.sy\/es\/wp-content\/uploads\/2021\/09\/photo_2021-09-29_10-53-32-2-768x495.jpg 768w, https:\/\/archive.sana.sy\/es\/wp-content\/uploads\/2021\/09\/photo_2021-09-29_10-53-32-2-1536x990.jpg 1536w, https:\/\/archive.sana.sy\/es\/wp-content\/uploads\/2021\/09\/photo_2021-09-29_10-53-32-2-2048x1320.jpg 2048w\" sizes=\"(max-width: 2560px) 100vw, 2560px\" \/><\/a>\n\t\t\t<\/div><\/figure><figure class='gallery-item'>\n\t\t\t<div class='gallery-icon landscape'>\n\t\t\t\t<a href='https:\/\/archive.sana.sy\/es\/?attachment_id=199096'><img loading=\"lazy\" decoding=\"async\" width=\"2560\" height=\"1872\" src=\"https:\/\/archive.sana.sy\/es\/wp-content\/uploads\/2021\/09\/photo_2021-09-29_10-53-32-scaled.jpg\" class=\"attachment-full size-full\" alt=\"\" srcset=\"https:\/\/archive.sana.sy\/es\/wp-content\/uploads\/2021\/09\/photo_2021-09-29_10-53-32-scaled.jpg 2560w, https:\/\/archive.sana.sy\/es\/wp-content\/uploads\/2021\/09\/photo_2021-09-29_10-53-32-300x219.jpg 300w, https:\/\/archive.sana.sy\/es\/wp-content\/uploads\/2021\/09\/photo_2021-09-29_10-53-32-1024x749.jpg 1024w, https:\/\/archive.sana.sy\/es\/wp-content\/uploads\/2021\/09\/photo_2021-09-29_10-53-32-150x110.jpg 150w, https:\/\/archive.sana.sy\/es\/wp-content\/uploads\/2021\/09\/photo_2021-09-29_10-53-32-768x562.jpg 768w, https:\/\/archive.sana.sy\/es\/wp-content\/uploads\/2021\/09\/photo_2021-09-29_10-53-32-1536x1123.jpg 1536w, https:\/\/archive.sana.sy\/es\/wp-content\/uploads\/2021\/09\/photo_2021-09-29_10-53-32-2048x1498.jpg 2048w\" sizes=\"(max-width: 2560px) 100vw, 2560px\" \/><\/a>\n\t\t\t<\/div><\/figure>\n\t\t<\/div>\n\n<p style=\"text-align: justify;\"><span style=\"color: #0000ff;\"><strong>ws\/fm<\/strong><\/span><\/p>\n","protected":false},"excerpt":{"rendered":"<p>Damasco, 29 sep (SANA) Un incendio se produjo hoy en una tienda de telas en la zona de al-Hariqa, cerca del mercado antiguo de Madhat Pasha en la ciudad vieja de Damasco, seg\u00fan inform\u00f3 el corresponsal de SANA. La Brigada de Bomberos de Damasco inform\u00f3 que un bombero perdi\u00f3 su vida mientras participaba en las &hellip;<\/p>\n","protected":false},"author":35,"featured_media":199088,"comment_status":"closed","ping_status":"closed","sticky":false,"template":"","format":"standard","meta":{"footnotes":""},"categories":[477,447,597,476,7541],"tags":[],"class_list":["post-199087","post","type-post","status-publish","format-standard","has-post-thumbnail","","category-noticias-edulcorantes","category-local-politica","category-cinta-de-noticias","category-locales","category-ultimas-noticias"],"_links":{"self":[{"href":"https:\/\/archive.sana.sy\/es\/index.php?rest_route=\/wp\/v2\/posts\/199087"}],"collection":[{"href":"https:\/\/archive.sana.sy\/es\/index.php?rest_route=\/wp\/v2\/posts"}],"about":[{"href":"https:\/\/archive.sana.sy\/es\/index.php?rest_route=\/wp\/v2\/types\/post"}],"author":[{"embeddable":true,"href":"https:\/\/archive.sana.sy\/es\/index.php?rest_route=\/wp\/v2\/users\/35"}],"replies":[{"embeddable":true,"href":"https:\/\/archive.sana.sy\/es\/index.php?rest_route=%2Fwp%2Fv2%2Fcomments&post=199087"}],"version-history":[{"count":0,"href":"https:\/\/archive.sana.sy\/es\/index.php?rest_route=\/wp\/v2\/posts\/199087\/revisions"}],"wp:featuredmedia":[{"embeddable":true,"href":"https:\/\/archive.sana.sy\/es\/index.php?rest_route=\/wp\/v2\/media\/199088"}],"wp:attachment":[{"href":"https:\/\/archive.sana.sy\/es\/index.php?rest_route=%2Fwp%2Fv2%2Fmedia&parent=199087"}],"wp:term":[{"taxonomy":"category","embeddable":true,"href":"https:\/\/archive.sana.sy\/es\/index.php?rest_route=%2Fwp%2Fv2%2Fcategories&post=199087"},{"taxonomy":"post_tag","embeddable":true,"href":"https:\/\/archive.sana.sy\/es\/index.php?rest_route=%2Fwp%2Fv2%2Ftags&post=199087"}],"curies":[{"name":"wp","href":"https:\/\/api.w.org\/{rel}","templated":true}]}}