{"id":19918,"date":"2015-03-21T17:30:03","date_gmt":"2015-03-21T15:30:03","guid":{"rendered":"http:\/\/www.sana.sy\/es\/?p=19918"},"modified":"2023-01-09T14:10:16","modified_gmt":"2023-01-09T12:10:16","slug":"gobernador-de-hassakeh-visita-a-los-heridos-del-doble-atentado-terrorista-en-el-barrio-de-mufti","status":"publish","type":"post","link":"https:\/\/archive.sana.sy\/es\/?p=19918","title":{"rendered":"Gobernador de Hassakeh visita a los heridos del doble atentado terrorista en el barrio de Muft\u00ed"},"content":{"rendered":"<p><span style=\"color: #800000\">Hassakeh, SANA<\/span><\/p>\n<p>El gobernador de Hassakeh, Mohamad Zaal al-Ali, declar\u00f3 este s\u00e1bado que los actos terroristas no lograr\u00e1n socavar la unidad de los hijos de la patria y ni debilitar su firme determinaci\u00f3n de hacer frente al terrorismo.<\/p>\n<p>Al visitar a los heridos de la exposici\u00f3n terrorista que azot\u00f3 ayer la ciudad de Hassakeh, el Gobernador de la provincia noroeste se\u00f1al\u00f3 que todos los espectros del pueblo sirio son objeto de tales actos terroristas que tratan de sembrar la discordia entre los hijos de la sola patria.<\/p>\n<p>Por su parte, el director de Salud de Hassakeh, Mohamad Rashad Khalafm manifest\u00f3 que los hospitales tanto p\u00fablicos como privados han prestado todos los servicios necesarios a los heridos, revelando que la cifra de las v\u00edctimas del atentado terrorista se produjo ayer en el barrio de Muft\u00ed ha elevado a 42 m\u00e1rtires y alrededor de 100 heridos, mayoritariamente ni\u00f1os y mujeres.<\/p>\n<p>Es de se\u00f1alar que un doble ataque terrorista azot\u00f3 ayer el barrio de Muft\u00ed en la ciudad norte\u00f1a de Hassakeh, ocasionando decenas de m\u00e1rtires y heridos.<\/p>\n<p>&nbsp;<\/p>\n<p>Lynn A.<\/p>\n","protected":false},"excerpt":{"rendered":"<p>Hassakeh, SANA El gobernador de Hassakeh, Mohamad Zaal al-Ali, declar\u00f3 este s\u00e1bado que los actos terroristas no lograr\u00e1n socavar la unidad de los hijos de la patria y ni debilitar su firme determinaci\u00f3n de hacer frente al terrorismo. Al visitar a los heridos de la exposici\u00f3n terrorista que azot\u00f3 ayer la ciudad de Hassakeh, el &hellip;<\/p>\n","protected":false},"author":24,"featured_media":19919,"comment_status":"closed","ping_status":"closed","sticky":false,"template":"","format":"standard","meta":{"footnotes":""},"categories":[476],"tags":[4516],"class_list":["post-19918","post","type-post","status-publish","format-standard","has-post-thumbnail","","category-locales","tag-gobernador-de-hassakeh-visita-a-los-heridos-del-doble-atentado-terrorista-en-el-barrio-de-mufti"],"_links":{"self":[{"href":"https:\/\/archive.sana.sy\/es\/index.php?rest_route=\/wp\/v2\/posts\/19918"}],"collection":[{"href":"https:\/\/archive.sana.sy\/es\/index.php?rest_route=\/wp\/v2\/posts"}],"about":[{"href":"https:\/\/archive.sana.sy\/es\/index.php?rest_route=\/wp\/v2\/types\/post"}],"author":[{"embeddable":true,"href":"https:\/\/archive.sana.sy\/es\/index.php?rest_route=\/wp\/v2\/users\/24"}],"replies":[{"embeddable":true,"href":"https:\/\/archive.sana.sy\/es\/index.php?rest_route=%2Fwp%2Fv2%2Fcomments&post=19918"}],"version-history":[{"count":0,"href":"https:\/\/archive.sana.sy\/es\/index.php?rest_route=\/wp\/v2\/posts\/19918\/revisions"}],"wp:featuredmedia":[{"embeddable":true,"href":"https:\/\/archive.sana.sy\/es\/index.php?rest_route=\/wp\/v2\/media\/19919"}],"wp:attachment":[{"href":"https:\/\/archive.sana.sy\/es\/index.php?rest_route=%2Fwp%2Fv2%2Fmedia&parent=19918"}],"wp:term":[{"taxonomy":"category","embeddable":true,"href":"https:\/\/archive.sana.sy\/es\/index.php?rest_route=%2Fwp%2Fv2%2Fcategories&post=19918"},{"taxonomy":"post_tag","embeddable":true,"href":"https:\/\/archive.sana.sy\/es\/index.php?rest_route=%2Fwp%2Fv2%2Ftags&post=19918"}],"curies":[{"name":"wp","href":"https:\/\/api.w.org\/{rel}","templated":true}]}}