{"id":199180,"date":"2021-09-30T06:38:26","date_gmt":"2021-09-30T03:38:26","guid":{"rendered":"http:\/\/107.6.182.27\/es\/?p=199180"},"modified":"2023-01-10T14:25:52","modified_gmt":"2023-01-10T12:25:52","slug":"disminuye-ligeramente-cifra-de-casos-diarios-de-covid-19-en-siria","status":"publish","type":"post","link":"https:\/\/archive.sana.sy\/es\/?p=199180","title":{"rendered":"Disminuye ligeramente cifra de casos diarios de Covid-19 en Siria"},"content":{"rendered":"<p style=\"text-align: justify;\"><span style=\"color: #800000;\"><strong>Damasco, 30 Sep (SANA)\u00a0 \u00a0<\/strong><\/span>El Ministerio de Salud confirm\u00f3 hoy 293 nuevos casos de Covid-19 para un total de 33 mil 933.<\/p>\n<p style=\"text-align: justify;\">En el transcurso de esta semana, el Ministerio report\u00f3 un promedio diario de casi 400 casos por d\u00eda lo cual significar\u00eda una diminuci\u00f3n ligera en el n\u00famero diario de infectados.<\/p>\n<p style=\"text-align: justify;\">\u201c73 personas se recuperaron para un total de 23,742, mientras se reportaron 11 nuevos muertos lo que eleva a dos mil 238 el n\u00famero de decesos por esta enfermedad\u201d, precis\u00f3 el parte diario del ente.<\/p>\n<p style=\"text-align: justify;\">Siria enfrenta esta pandemia en medio de un bloqueo injusto asfixiante impuesto por EEUU y algunos pa\u00edses de la UE, lo cual dificulta las capacidades del pa\u00eds de enfrentar esta pandemia.<\/p>\n<p style=\"text-align: justify;\">El Ministerio de Salud anunci\u00f3 que la tasa de ocupaci\u00f3n en los departamentos de asilamiento asignados para pacientes de Covid-19 en los hospitales de Damasco, Latakia y Damasco-campo alcanz\u00f3 el 100 por ciento.<\/p>\n<p style=\"text-align: justify;\">Reiter\u00f3 la necesidad de cumplir plenamente las medidas cautelares, en especial el uso de mascarillas, lavarse las manos, espaciar y recibir la vacuna que protege contra s\u00edntomas severas.<\/p>\n<p style=\"text-align: justify;\"><span style=\"color: #0000ff;\"><strong>fm<\/strong><\/span><\/p>\n","protected":false},"excerpt":{"rendered":"<p>Damasco, 30 Sep (SANA)\u00a0 \u00a0El Ministerio de Salud confirm\u00f3 hoy 293 nuevos casos de Covid-19 para un total de 33 mil 933. En el transcurso de esta semana, el Ministerio report\u00f3 un promedio diario de casi 400 casos por d\u00eda lo cual significar\u00eda una diminuci\u00f3n ligera en el n\u00famero diario de infectados. \u201c73 personas se &hellip;<\/p>\n","protected":false},"author":34,"featured_media":199181,"comment_status":"closed","ping_status":"closed","sticky":false,"template":"","format":"standard","meta":{"footnotes":""},"categories":[477,447,597,476,457,7541],"tags":[],"class_list":["post-199180","post","type-post","status-publish","format-standard","has-post-thumbnail","","category-noticias-edulcorantes","category-local-politica","category-cinta-de-noticias","category-locales","category-noticias-arabe-internacional-politica","category-ultimas-noticias"],"_links":{"self":[{"href":"https:\/\/archive.sana.sy\/es\/index.php?rest_route=\/wp\/v2\/posts\/199180"}],"collection":[{"href":"https:\/\/archive.sana.sy\/es\/index.php?rest_route=\/wp\/v2\/posts"}],"about":[{"href":"https:\/\/archive.sana.sy\/es\/index.php?rest_route=\/wp\/v2\/types\/post"}],"author":[{"embeddable":true,"href":"https:\/\/archive.sana.sy\/es\/index.php?rest_route=\/wp\/v2\/users\/34"}],"replies":[{"embeddable":true,"href":"https:\/\/archive.sana.sy\/es\/index.php?rest_route=%2Fwp%2Fv2%2Fcomments&post=199180"}],"version-history":[{"count":0,"href":"https:\/\/archive.sana.sy\/es\/index.php?rest_route=\/wp\/v2\/posts\/199180\/revisions"}],"wp:featuredmedia":[{"embeddable":true,"href":"https:\/\/archive.sana.sy\/es\/index.php?rest_route=\/wp\/v2\/media\/199181"}],"wp:attachment":[{"href":"https:\/\/archive.sana.sy\/es\/index.php?rest_route=%2Fwp%2Fv2%2Fmedia&parent=199180"}],"wp:term":[{"taxonomy":"category","embeddable":true,"href":"https:\/\/archive.sana.sy\/es\/index.php?rest_route=%2Fwp%2Fv2%2Fcategories&post=199180"},{"taxonomy":"post_tag","embeddable":true,"href":"https:\/\/archive.sana.sy\/es\/index.php?rest_route=%2Fwp%2Fv2%2Ftags&post=199180"}],"curies":[{"name":"wp","href":"https:\/\/api.w.org\/{rel}","templated":true}]}}