{"id":199184,"date":"2021-09-30T07:17:31","date_gmt":"2021-09-30T04:17:31","guid":{"rendered":"http:\/\/107.6.182.27\/es\/?p=199184"},"modified":"2023-01-10T14:25:52","modified_gmt":"2023-01-10T12:25:52","slug":"sousan-victoria-de-siria-contra-el-terrorismo-allana-el-camino-para-logros-en-los-campos-politico-y-diplomatico","status":"publish","type":"post","link":"https:\/\/archive.sana.sy\/es\/?p=199184","title":{"rendered":"Sousan: Victoria de Siria contra el terrorismo allana el camino para logros en los campos pol\u00edtico y diplom\u00e1tico"},"content":{"rendered":"<p style=\"text-align: justify;\"><span style=\"color: #800000;\"><strong>Damasco, 30 sep (SANA) <\/strong><\/span>El viceministro de Exteriores y Expatriados, Ayman Sousan, afirm\u00f3 hoy que \u201cnadie puede imponerle a Siria algo que no tenga en cuenta sus intereses nacionales, particularmente despu\u00e9s de los logros alcanzados en la guerra contra el terrorismo.<\/p>\n<p style=\"text-align: justify;\"><div class=\"box note  \"><div class=\"box-inner-block\"><i class=\"fa tie-shortcode-boxicon\"><\/i>\n\t\t\tSousan: el cambio internacional hacia Siria se debe al fracaso del proyecto estadounidense-occidental\n\t\t\t<\/div><\/div>\n<p style=\"text-align: justify;\">El cambio internacional hacia Siria se debe al fracaso del proyecto estadounidense-occidental gracias a los sacrificios de los sirios y el apoyo de los aliados que asestaron duro golpe al sistema unipolar y reforz\u00f3 el papel de Rusia en la arena internacional, dijo Sousan en una entrevista con la televisi\u00f3n nacional al-Souriya.<\/p>\n<p style=\"text-align: justify;\">Destac\u00f3 que la situaci\u00f3n en Siria hoy en d\u00eda es incomparable con lo que era durante los a\u00f1os de la injusta guerra \u00a0impuesta, en particular luego de los grandes logros del Ej\u00e9rcito \u00c1rabe Sirio en la lucha contra el terrorismo.<\/p>\n<p style=\"text-align: justify;\"><div class=\"box note  \"><div class=\"box-inner-block\"><i class=\"fa tie-shortcode-boxicon\"><\/i>\n\t\t\tSousan: muchos pa\u00edses comenzaron a abrir canales de comunicaci\u00f3n con Siria\n\t\t\t<\/div><\/div>\n<p style=\"text-align: justify;\">\u201cLos pa\u00edses han comenzado a abrir canales de comunicaci\u00f3n con Siria, incluso muchos tienen el deseo y la voluntad de hacerlo, y no lo declaran p\u00fablicamente por sus propias razones. Por lo tanto, estos entendimientos, si se maduran y se concretan, dar\u00e1 lugar a avances que favorecen la consolidaci\u00f3n de la estabilidad, la paz y la seguridad internacionales\u201d, dijo el diplom\u00e1tico.<\/p>\n<p style=\"text-align: justify;\">Sousan destac\u00f3 que \u201cluego de los logros alcanzados en la guerra contra el terrorismo y los sacrificios que se hicieron, nadie puede imponer algo a Siria que no tenga en cuenta sus intereses nacionales\u201d.<\/p>\n<p style=\"text-align: justify;\">Por otro lado, hizo alusi\u00f3n a las reuniones mantenidas por la delegaci\u00f3n siria en el 76 periodo de sesiones de la Asamblea General de las naciones Unidas que ascendieron a m\u00e1s de 25 con ministros de Relaciones Exteriores y 5 reuniones con el Secretario General de las Naciones Unidas y otros funcionarios de organizaciones internacionales.<\/p>\n<p style=\"text-align: justify;\">\u201cEste asunto en s\u00ed mismo es muy importante porque rompi\u00f3 el muro de aislamiento que intentaron imponerle a Siria en el marco de la presi\u00f3n pol\u00edtica y diplom\u00e1tica\u201d, manifest\u00f3.<\/p>\n<p style=\"text-align: justify;\">Destac\u00f3 que estas reuniones son de gran importancia, no s\u00f3lo en t\u00e9rminos de n\u00fameros, sino tambi\u00e9n en t\u00e9rminos de calidad, y precis\u00f3 que hay citas que se sostuvieron por primera vez con algunas delegaciones.<\/p>\n<p style=\"text-align: justify;\"><div class=\"box note  \"><div class=\"box-inner-block\"><i class=\"fa tie-shortcode-boxicon\"><\/i>\n\t\t\tSousan: El proyecto estadounidense en Siria fracas\u00f3.\n\t\t\t<\/div><\/div>\n<p style=\"text-align: justify;\">Asimismo, reiter\u00f3 la posici\u00f3n de Siria que exige poner fin a cualquier presencia militar en su territorio sin el consentimiento de su gobierno, incluida la presencia militar estadounidense.<\/p>\n<p style=\"text-align: justify;\">Opin\u00f3 que el proyecto estadounidense en Siria fracas\u00f3. \u201cComenzamos a escuchar muchas voces dentro de Estados Unidos, especialmente en el Congreso, pidiendo el retiro de las fuerzas, y en virtud de la Carta de las Naciones Unidas Siria tiene el derecho de liberar sus tierras mediante todos los medios disponibles, y estas fuerzas deben salir de Siria sin condiciones\u201d apostill\u00f3.<\/p>\n<p style=\"text-align: justify;\"><div class=\"box note  \"><div class=\"box-inner-block\"><i class=\"fa tie-shortcode-boxicon\"><\/i>\n\t\t\tSousan: Las sanciones occidentales son la principal causa del sufrimiento de los sirios\n\t\t\t<\/div><\/div>\n<p style=\"text-align: justify;\">El vicecanciller sirio destac\u00f3 la necesidad de levantar las ilegales medidas econ\u00f3micas coercitivas occidentales impuestas a Siria.<\/p>\n<p style=\"text-align: justify;\">\u201cAquellos que lamentan el sufrimiento de los sirios, son en realidad, la principal causa de este sufrimiento a consecuencia de sus medidas que apuntan contra el ciudadano\u201d, aclar\u00f3.<\/p>\n<p style=\"text-align: justify;\">Agreg\u00f3 que las sanciones fueron endurecidas en medio de la pandemia de la Covid-19, lo que impidi\u00f3 la provisi\u00f3n de la atenci\u00f3n m\u00e9dica necesaria a muchas personas.<\/p>\n<p style=\"text-align: justify;\"><div class=\"box note  \"><div class=\"box-inner-block\"><i class=\"fa tie-shortcode-boxicon\"><\/i>\n\t\t\tSousan: Siria est\u00e1 muy pr\u00f3xima de lograr la victoria final sobre el complot.\n\t\t\t<\/div><\/div>\n<p style=\"text-align: justify;\">En respuesta a una pregunta sobre la posibilidad de que Siria regrese a la Liga \u00c1rabe, Susan dijo: A pesar del dolor y la herida que causaron algunos \u00e1rabes, Siria no perdi\u00f3 la br\u00fajula, tal vez porque era consciente de que el Arabismo era el objetivo de esta guerra, por eso nos aferramos a esta idea porque vemos que es la fortaleza que proteger a Siria.<\/p>\n<p style=\"text-align: justify;\">Agreg\u00f3 que \u201cSiria mira hacia el futuro y no al pasado, y las medidas tomadas por la Liga \u00c1rabe fueron el resultado de un proceso legal equivocado y de una posici\u00f3n pol\u00edtica, y si se corrige este error y se adoptan nuevos enfoques, las cosas volver\u00e1n a la normalidad.<\/p>\n<p style=\"text-align: justify;\">Concluy\u00f3 que Siria est\u00e1 muy pr\u00f3xima de lograr la victoria final sobre el complot y que despu\u00e9s de los logros alcanzados contra el terrorismo, ha llegado el momento de cosechar logros pol\u00edticos y diplom\u00e1ticos.<\/p>\n<p style=\"text-align: justify;\"><span style=\"color: #0000ff;\"><strong>fm<\/strong><\/span><\/p>\n<p style=\"text-align: justify;\">\n","protected":false},"excerpt":{"rendered":"<p>Damasco, 30 sep (SANA) El viceministro de Exteriores y Expatriados, Ayman Sousan, afirm\u00f3 hoy que \u201cnadie puede imponerle a Siria algo que no tenga en cuenta sus intereses nacionales, particularmente despu\u00e9s de los logros alcanzados en la guerra contra el terrorismo. El cambio internacional hacia Siria se debe al fracaso del proyecto estadounidense-occidental gracias a &hellip;<\/p>\n","protected":false},"author":34,"featured_media":199186,"comment_status":"closed","ping_status":"closed","sticky":false,"template":"","format":"standard","meta":{"footnotes":""},"categories":[447,477,597,476,457,7541,1],"tags":[],"class_list":["post-199184","post","type-post","status-publish","format-standard","has-post-thumbnail","","category-local-politica","category-noticias-edulcorantes","category-cinta-de-noticias","category-locales","category-noticias-arabe-internacional-politica","category-ultimas-noticias","category-news-not-sorted"],"_links":{"self":[{"href":"https:\/\/archive.sana.sy\/es\/index.php?rest_route=\/wp\/v2\/posts\/199184"}],"collection":[{"href":"https:\/\/archive.sana.sy\/es\/index.php?rest_route=\/wp\/v2\/posts"}],"about":[{"href":"https:\/\/archive.sana.sy\/es\/index.php?rest_route=\/wp\/v2\/types\/post"}],"author":[{"embeddable":true,"href":"https:\/\/archive.sana.sy\/es\/index.php?rest_route=\/wp\/v2\/users\/34"}],"replies":[{"embeddable":true,"href":"https:\/\/archive.sana.sy\/es\/index.php?rest_route=%2Fwp%2Fv2%2Fcomments&post=199184"}],"version-history":[{"count":0,"href":"https:\/\/archive.sana.sy\/es\/index.php?rest_route=\/wp\/v2\/posts\/199184\/revisions"}],"wp:featuredmedia":[{"embeddable":true,"href":"https:\/\/archive.sana.sy\/es\/index.php?rest_route=\/wp\/v2\/media\/199186"}],"wp:attachment":[{"href":"https:\/\/archive.sana.sy\/es\/index.php?rest_route=%2Fwp%2Fv2%2Fmedia&parent=199184"}],"wp:term":[{"taxonomy":"category","embeddable":true,"href":"https:\/\/archive.sana.sy\/es\/index.php?rest_route=%2Fwp%2Fv2%2Fcategories&post=199184"},{"taxonomy":"post_tag","embeddable":true,"href":"https:\/\/archive.sana.sy\/es\/index.php?rest_route=%2Fwp%2Fv2%2Ftags&post=199184"}],"curies":[{"name":"wp","href":"https:\/\/api.w.org\/{rel}","templated":true}]}}