{"id":199219,"date":"2021-09-30T13:01:48","date_gmt":"2021-09-30T10:01:48","guid":{"rendered":"http:\/\/107.6.182.27\/es\/?p=199219"},"modified":"2021-09-30T14:36:42","modified_gmt":"2021-09-30T11:36:42","slug":"muere-un-civil-por-explosion-de-bomba-en-su-coche-en-sweida","status":"publish","type":"post","link":"https:\/\/archive.sana.sy\/es\/?p=199219","title":{"rendered":"Muere un civil por explosi\u00f3n de bomba en su coche en Sweida"},"content":{"rendered":"<p style=\"text-align: justify;\">\u00a0<span style=\"color: #800000;\"><strong>Sweida, 30 sep (SANA) <\/strong><\/span>Un civil perdi\u00f3 la vida por el estallido de una bomba colocada en su autom\u00f3vil en la localidad de Rassas, al sur de la ciudad de Sweida, en el sur de Siria.<\/p>\n<p style=\"text-align: justify;\">Una fuente del Comando de Polic\u00eda dijo al corresponsal de SANA, que la bomba fue colocada por desconocidos y su estallido en la entrada de Rassas, caus\u00f3 la muerte de su conductor y la quema del autom\u00f3vil.<\/p>\n<p style=\"text-align: justify;\">Las autoridades competentes contin\u00faan sus investigaciones para conocer las causas del accidente y sus autores.<\/p>\n<p><strong><span style=\"color: #0000ff;\">ed\/fm<\/span><\/strong><\/p>\n","protected":false},"excerpt":{"rendered":"<p>\u00a0Sweida, 30 sep (SANA) Un civil perdi\u00f3 la vida por el estallido de una bomba colocada en su autom\u00f3vil en la localidad de Rassas, al sur de la ciudad de Sweida, en el sur de Siria. Una fuente del Comando de Polic\u00eda dijo al corresponsal de SANA, que la bomba fue colocada por desconocidos y &hellip;<\/p>\n","protected":false},"author":32,"featured_media":199220,"comment_status":"closed","ping_status":"closed","sticky":false,"template":"","format":"standard","meta":{"footnotes":""},"categories":[477,597,476,7541],"tags":[],"class_list":["post-199219","post","type-post","status-publish","format-standard","has-post-thumbnail","","category-noticias-edulcorantes","category-cinta-de-noticias","category-locales","category-ultimas-noticias"],"_links":{"self":[{"href":"https:\/\/archive.sana.sy\/es\/index.php?rest_route=\/wp\/v2\/posts\/199219"}],"collection":[{"href":"https:\/\/archive.sana.sy\/es\/index.php?rest_route=\/wp\/v2\/posts"}],"about":[{"href":"https:\/\/archive.sana.sy\/es\/index.php?rest_route=\/wp\/v2\/types\/post"}],"author":[{"embeddable":true,"href":"https:\/\/archive.sana.sy\/es\/index.php?rest_route=\/wp\/v2\/users\/32"}],"replies":[{"embeddable":true,"href":"https:\/\/archive.sana.sy\/es\/index.php?rest_route=%2Fwp%2Fv2%2Fcomments&post=199219"}],"version-history":[{"count":0,"href":"https:\/\/archive.sana.sy\/es\/index.php?rest_route=\/wp\/v2\/posts\/199219\/revisions"}],"wp:featuredmedia":[{"embeddable":true,"href":"https:\/\/archive.sana.sy\/es\/index.php?rest_route=\/wp\/v2\/media\/199220"}],"wp:attachment":[{"href":"https:\/\/archive.sana.sy\/es\/index.php?rest_route=%2Fwp%2Fv2%2Fmedia&parent=199219"}],"wp:term":[{"taxonomy":"category","embeddable":true,"href":"https:\/\/archive.sana.sy\/es\/index.php?rest_route=%2Fwp%2Fv2%2Fcategories&post=199219"},{"taxonomy":"post_tag","embeddable":true,"href":"https:\/\/archive.sana.sy\/es\/index.php?rest_route=%2Fwp%2Fv2%2Ftags&post=199219"}],"curies":[{"name":"wp","href":"https:\/\/api.w.org\/{rel}","templated":true}]}}