{"id":199264,"date":"2021-09-30T21:25:39","date_gmt":"2021-09-30T18:25:39","guid":{"rendered":"http:\/\/107.6.182.27\/es\/?p=199264"},"modified":"2023-01-10T14:25:50","modified_gmt":"2023-01-10T12:25:50","slug":"bajo-los-auspicios-del-presidente-al-assad-graduacion-de-oficiales-de-mando-y-estado-mayor","status":"publish","type":"post","link":"https:\/\/archive.sana.sy\/es\/?p=199264","title":{"rendered":"Bajo auspicios del presidente al-Assad, efect\u00faan ceremonia de graduaci\u00f3n de oficiales de Mando y Estado Mayor"},"content":{"rendered":"<p style=\"text-align: justify;\"><span style=\"color: #800000;\"><strong>Damasco, 30 sep (SANA)<\/strong><\/span><\/p>\n<p style=\"text-align: justify;\">Bajo el patrocinio del presidente Bashar al-Assad, Comandante en Jefe del Ej\u00e9rcito y las Fuerzas Armadas, se celebr\u00f3 en la Academia Militar Superior la graduaci\u00f3n de la decimosexta promoci\u00f3n de Mando y Estado Mayor.<\/p>\n<p style=\"text-align: justify;\"><img loading=\"lazy\" decoding=\"async\" class=\"size-medium wp-image-199267 alignright\" src=\"http:\/\/107.6.182.27\/es\/wp-content\/uploads\/2021\/09\/photo_2021-09-30_18-42-55-2-300x200.jpg\" alt=\"\" width=\"300\" height=\"200\" srcset=\"https:\/\/archive.sana.sy\/es\/wp-content\/uploads\/2021\/09\/photo_2021-09-30_18-42-55-2-300x200.jpg 300w, https:\/\/archive.sana.sy\/es\/wp-content\/uploads\/2021\/09\/photo_2021-09-30_18-42-55-2-1024x682.jpg 1024w, https:\/\/archive.sana.sy\/es\/wp-content\/uploads\/2021\/09\/photo_2021-09-30_18-42-55-2-150x100.jpg 150w, https:\/\/archive.sana.sy\/es\/wp-content\/uploads\/2021\/09\/photo_2021-09-30_18-42-55-2-768x512.jpg 768w, https:\/\/archive.sana.sy\/es\/wp-content\/uploads\/2021\/09\/photo_2021-09-30_18-42-55-2.jpg 1280w\" sizes=\"(max-width: 300px) 100vw, 300px\" \/><\/p>\n<p style=\"text-align: justify;\">El mayor general Ali Abdullah Ayoub, subcomandante en jefe, viceprimer ministro y ministro de Defensa, represent\u00f3 al presidente al-Assad en la ceremonia que comenz\u00f3 con un minuto de silencio en honor a las almas de los m\u00e1rtires, y luego se enton\u00f3 el Himno Nacional de la Rep\u00fablica \u00c1rabe Siria.<\/p>\n<p style=\"text-align: justify;\">El general Ayoub pronunci\u00f3 un discurso en el que transmiti\u00f3 las felicitaciones del presidente a los oficiales egresados y les comunic\u00f3 sus deseos de \u00e9xito y excelencia en el desempe\u00f1o de todas las tareas y responsabilidades que le ser\u00e1n asignadas.<\/p>\n<p style=\"text-align: justify;\"><img loading=\"lazy\" decoding=\"async\" class=\"size-medium wp-image-199265 alignright\" src=\"http:\/\/107.6.182.27\/es\/wp-content\/uploads\/2021\/09\/photo_2021-09-30_18-42-57-2-300x217.jpg\" alt=\"\" width=\"300\" height=\"217\" srcset=\"https:\/\/archive.sana.sy\/es\/wp-content\/uploads\/2021\/09\/photo_2021-09-30_18-42-57-2-300x217.jpg 300w, https:\/\/archive.sana.sy\/es\/wp-content\/uploads\/2021\/09\/photo_2021-09-30_18-42-57-2-1024x739.jpg 1024w, https:\/\/archive.sana.sy\/es\/wp-content\/uploads\/2021\/09\/photo_2021-09-30_18-42-57-2-150x108.jpg 150w, https:\/\/archive.sana.sy\/es\/wp-content\/uploads\/2021\/09\/photo_2021-09-30_18-42-57-2-768x554.jpg 768w, https:\/\/archive.sana.sy\/es\/wp-content\/uploads\/2021\/09\/photo_2021-09-30_18-42-57-2.jpg 1280w\" sizes=\"(max-width: 300px) 100vw, 300px\" \/><\/p>\n<p style=\"text-align: justify;\">Enfatiz\u00f3 que se superaron los cap\u00edtulos m\u00e1s dif\u00edciles y duros de esta guerra sistem\u00e1tica, y asegur\u00f3 que la certeza es absoluta de que el Estado sirio, con la sabidur\u00eda de su l\u00edder, los sacrificios de su pueblo, el hero\u00edsmo de su ej\u00e9rcito y el apoyo de sus socios y amigos, es hoy m\u00e1s poderoso, presente y efectivo.<\/p>\n<p style=\"text-align: justify;\">Ni una pulgada de la geograf\u00eda siria quedar\u00e1 fuera del control del Estado, reiter\u00f3 el oficial.<\/p>\n<p style=\"text-align: justify;\">Agreg\u00f3 que las valientes fuerzas armadas sirias seguir\u00e1n siendo la fortaleza impenetrable de la patria.<\/p>\n<p style=\"text-align: justify;\">A su vez, el Director de la Academia pronunci\u00f3 un discurso en el que afirm\u00f3 que esta instituci\u00f3n militar forma a los cursantes en ciencias militares modernas, mejora sus experiencias y desarrolla sus habilidades en el trabajo de liderazgo acorde con las condiciones de la guerra moderna.<\/p>\n<p style=\"text-align: justify;\"><span style=\"color: #0000ff;\"><strong>sm\/rsh\/fm<\/strong><\/span><\/p>\n","protected":false},"excerpt":{"rendered":"<p>Damasco, 30 sep (SANA) Bajo el patrocinio del presidente Bashar al-Assad, Comandante en Jefe del Ej\u00e9rcito y las Fuerzas Armadas, se celebr\u00f3 en la Academia Militar Superior la graduaci\u00f3n de la decimosexta promoci\u00f3n de Mando y Estado Mayor. El mayor general Ali Abdullah Ayoub, subcomandante en jefe, viceprimer ministro y ministro de Defensa, represent\u00f3 al &hellip;<\/p>\n","protected":false},"author":39,"featured_media":199271,"comment_status":"closed","ping_status":"closed","sticky":false,"template":"","format":"standard","meta":{"footnotes":""},"categories":[477,447,597,476,457,7541],"tags":[],"class_list":["post-199264","post","type-post","status-publish","format-standard","has-post-thumbnail","","category-noticias-edulcorantes","category-local-politica","category-cinta-de-noticias","category-locales","category-noticias-arabe-internacional-politica","category-ultimas-noticias"],"_links":{"self":[{"href":"https:\/\/archive.sana.sy\/es\/index.php?rest_route=\/wp\/v2\/posts\/199264"}],"collection":[{"href":"https:\/\/archive.sana.sy\/es\/index.php?rest_route=\/wp\/v2\/posts"}],"about":[{"href":"https:\/\/archive.sana.sy\/es\/index.php?rest_route=\/wp\/v2\/types\/post"}],"author":[{"embeddable":true,"href":"https:\/\/archive.sana.sy\/es\/index.php?rest_route=\/wp\/v2\/users\/39"}],"replies":[{"embeddable":true,"href":"https:\/\/archive.sana.sy\/es\/index.php?rest_route=%2Fwp%2Fv2%2Fcomments&post=199264"}],"version-history":[{"count":0,"href":"https:\/\/archive.sana.sy\/es\/index.php?rest_route=\/wp\/v2\/posts\/199264\/revisions"}],"wp:featuredmedia":[{"embeddable":true,"href":"https:\/\/archive.sana.sy\/es\/index.php?rest_route=\/wp\/v2\/media\/199271"}],"wp:attachment":[{"href":"https:\/\/archive.sana.sy\/es\/index.php?rest_route=%2Fwp%2Fv2%2Fmedia&parent=199264"}],"wp:term":[{"taxonomy":"category","embeddable":true,"href":"https:\/\/archive.sana.sy\/es\/index.php?rest_route=%2Fwp%2Fv2%2Fcategories&post=199264"},{"taxonomy":"post_tag","embeddable":true,"href":"https:\/\/archive.sana.sy\/es\/index.php?rest_route=%2Fwp%2Fv2%2Ftags&post=199264"}],"curies":[{"name":"wp","href":"https:\/\/api.w.org\/{rel}","templated":true}]}}