{"id":199275,"date":"2021-09-30T20:27:29","date_gmt":"2021-09-30T17:27:29","guid":{"rendered":"http:\/\/107.6.182.27\/es\/?p=199275"},"modified":"2021-09-30T21:06:27","modified_gmt":"2021-09-30T18:06:27","slug":"ministro-de-exteriores-y-expatriacion-dr-faisal-al-mekdad-a-sana-la-atmosfera-politica-internacional-hacia-el-asunto-sirio-ha-cambiado-en-general-asimismo-ha-retrocedido-la-hostilidad-hacia-siria","status":"publish","type":"post","link":"https:\/\/archive.sana.sy\/es\/?p=199275","title":{"rendered":"Al-Mekdad a SANA: Siria estaba abierta a cualquier iniciativa o esfuerzo pol\u00edtico honesto e imparcial para salir de la crisis, a pesar de los obst\u00e1culos impuestos por pa\u00edses que no tienen inter\u00e9s en que estos esfuerzos contin\u00faen en la direcci\u00f3n que logre la estabilidad en Siria."},"content":{"rendered":"","protected":false},"excerpt":{"rendered":"","protected":false},"author":39,"featured_media":0,"comment_status":"closed","ping_status":"closed","sticky":false,"template":"","format":"standard","meta":{"footnotes":""},"categories":[1],"tags":[],"class_list":["post-199275","post","type-post","status-publish","format-standard","","category-news-not-sorted"],"_links":{"self":[{"href":"https:\/\/archive.sana.sy\/es\/index.php?rest_route=\/wp\/v2\/posts\/199275"}],"collection":[{"href":"https:\/\/archive.sana.sy\/es\/index.php?rest_route=\/wp\/v2\/posts"}],"about":[{"href":"https:\/\/archive.sana.sy\/es\/index.php?rest_route=\/wp\/v2\/types\/post"}],"author":[{"embeddable":true,"href":"https:\/\/archive.sana.sy\/es\/index.php?rest_route=\/wp\/v2\/users\/39"}],"replies":[{"embeddable":true,"href":"https:\/\/archive.sana.sy\/es\/index.php?rest_route=%2Fwp%2Fv2%2Fcomments&post=199275"}],"version-history":[{"count":0,"href":"https:\/\/archive.sana.sy\/es\/index.php?rest_route=\/wp\/v2\/posts\/199275\/revisions"}],"wp:attachment":[{"href":"https:\/\/archive.sana.sy\/es\/index.php?rest_route=%2Fwp%2Fv2%2Fmedia&parent=199275"}],"wp:term":[{"taxonomy":"category","embeddable":true,"href":"https:\/\/archive.sana.sy\/es\/index.php?rest_route=%2Fwp%2Fv2%2Fcategories&post=199275"},{"taxonomy":"post_tag","embeddable":true,"href":"https:\/\/archive.sana.sy\/es\/index.php?rest_route=%2Fwp%2Fv2%2Ftags&post=199275"}],"curies":[{"name":"wp","href":"https:\/\/api.w.org\/{rel}","templated":true}]}}