{"id":199285,"date":"2021-09-30T21:21:07","date_gmt":"2021-09-30T18:21:07","guid":{"rendered":"http:\/\/107.6.182.27\/es\/?p=199285"},"modified":"2023-01-10T14:25:50","modified_gmt":"2023-01-10T12:25:50","slug":"embajador-de-brasil-en-damasco-manifiesta-disposicion-de-su-pais-de-contribuir-a-la-reconstruccion-de-siria","status":"publish","type":"post","link":"https:\/\/archive.sana.sy\/es\/?p=199285","title":{"rendered":"Embajador de Brasil en Damasco manifiesta disposici\u00f3n de su pa\u00eds de contribuir a la reconstrucci\u00f3n de Siria"},"content":{"rendered":"<p style=\"text-align: justify;\"><span style=\"color: #800000;\"><strong>Damasco, 30 sep (SANA)<\/strong><\/span><\/p>\n<p style=\"text-align: justify;\">El embajador brasile\u00f1o en Damasco, Fabio Vaz Petaluca, destac\u00f3 la necesidad de reactivar la labor del Consejo Empresarial Sirio-Brasile\u00f1o y fortalecer las relaciones entre la C\u00e1mara de Industria de Damasco y la C\u00e1mara \u00c1rabe-Brasile\u00f1a, adem\u00e1s de la importancia de recuperar el intercambio comercial entre las dos naciones.<\/p>\n<p style=\"text-align: justify;\">Durante su visita a la C\u00e1mara de Industria de Damasco y su reuni\u00f3n con su Junta Directiva, el embajador Petaluka expres\u00f3 la disposici\u00f3n de su pa\u00eds de contribuir a la reconstrucci\u00f3n, y en este sentido, dijo que es importante identificar lo que se necesita en la pr\u00f3xima etapa a nivel de industrias pesadas y materiales de reconstrucci\u00f3n.<\/p>\n<p style=\"text-align: justify;\">Hizo un llamado a los empresarios e industriales sirios para conocer de cerca el mercado brasile\u00f1o y los desarrollos t\u00e9cnicos que presencia la industria brasile\u00f1a.<\/p>\n<p style=\"text-align: justify;\">Por su parte, el jefe de la C\u00e1mara de Industria de Damasco, Samer Al-Debs, afirm\u00f3 que es necesario organizar un encuentro virtual para empresarios de los dos pa\u00edses para plantear todos los obst\u00e1culos y problemas que enfrenta el industrial y el importador sirio.<\/p>\n<p style=\"text-align: justify;\">En la reuni\u00f3n, participaron varios miembros de la Junta Directiva de la C\u00e1mara, quienes presentaron una serie de ideas que ayudan a mejorar el intercambio comercial entre los dos pa\u00edses.<\/p>\n<p style=\"text-align: justify;\"><span style=\"color: #0000ff;\"><strong>fm\/sm<\/strong><\/span><\/p>\n","protected":false},"excerpt":{"rendered":"<p>Damasco, 30 sep (SANA) El embajador brasile\u00f1o en Damasco, Fabio Vaz Petaluca, destac\u00f3 la necesidad de reactivar la labor del Consejo Empresarial Sirio-Brasile\u00f1o y fortalecer las relaciones entre la C\u00e1mara de Industria de Damasco y la C\u00e1mara \u00c1rabe-Brasile\u00f1a, adem\u00e1s de la importancia de recuperar el intercambio comercial entre las dos naciones. Durante su visita a &hellip;<\/p>\n","protected":false},"author":39,"featured_media":199286,"comment_status":"closed","ping_status":"closed","sticky":false,"template":"","format":"standard","meta":{"footnotes":""},"categories":[447,477,597,476,457,7541],"tags":[],"class_list":["post-199285","post","type-post","status-publish","format-standard","has-post-thumbnail","","category-local-politica","category-noticias-edulcorantes","category-cinta-de-noticias","category-locales","category-noticias-arabe-internacional-politica","category-ultimas-noticias"],"_links":{"self":[{"href":"https:\/\/archive.sana.sy\/es\/index.php?rest_route=\/wp\/v2\/posts\/199285"}],"collection":[{"href":"https:\/\/archive.sana.sy\/es\/index.php?rest_route=\/wp\/v2\/posts"}],"about":[{"href":"https:\/\/archive.sana.sy\/es\/index.php?rest_route=\/wp\/v2\/types\/post"}],"author":[{"embeddable":true,"href":"https:\/\/archive.sana.sy\/es\/index.php?rest_route=\/wp\/v2\/users\/39"}],"replies":[{"embeddable":true,"href":"https:\/\/archive.sana.sy\/es\/index.php?rest_route=%2Fwp%2Fv2%2Fcomments&post=199285"}],"version-history":[{"count":0,"href":"https:\/\/archive.sana.sy\/es\/index.php?rest_route=\/wp\/v2\/posts\/199285\/revisions"}],"wp:featuredmedia":[{"embeddable":true,"href":"https:\/\/archive.sana.sy\/es\/index.php?rest_route=\/wp\/v2\/media\/199286"}],"wp:attachment":[{"href":"https:\/\/archive.sana.sy\/es\/index.php?rest_route=%2Fwp%2Fv2%2Fmedia&parent=199285"}],"wp:term":[{"taxonomy":"category","embeddable":true,"href":"https:\/\/archive.sana.sy\/es\/index.php?rest_route=%2Fwp%2Fv2%2Fcategories&post=199285"},{"taxonomy":"post_tag","embeddable":true,"href":"https:\/\/archive.sana.sy\/es\/index.php?rest_route=%2Fwp%2Fv2%2Ftags&post=199285"}],"curies":[{"name":"wp","href":"https:\/\/api.w.org\/{rel}","templated":true}]}}