{"id":19939,"date":"2015-03-21T21:30:55","date_gmt":"2015-03-21T19:30:55","guid":{"rendered":"http:\/\/www.sana.sy\/es\/?p=19939"},"modified":"2015-03-22T14:12:33","modified_gmt":"2015-03-22T12:12:33","slug":"al-miqdad-apreciamos-profundamente-los-esfuerzos-de-rusia-en-respecto-a-siria-y-su-lucha-contra-el-terrorismo","status":"publish","type":"post","link":"https:\/\/archive.sana.sy\/es\/?p=19939","title":{"rendered":"Vicecanciller sirio: Apreciamos profundamente los esfuerzos de Rusia en respecto a Siria y su lucha contra el terrorismo"},"content":{"rendered":"<p style=\"text-align: justify\"><span style=\"color: #800000\">Damasco-SANA<\/span><\/p>\n<p>El viceministro de Exteriores y Emigrantes, Faisal al-Miqdad\u00a0 se reuni\u00f3\u00a0 hoy con\u00a0 la delegaci\u00f3n rusa que visita Siria, encabezada por el embajador designado de tareas especiales por el Ministerio de Asuntos Exteriores de Rusia, Azmatullah Komahmedov.<\/p>\n<p>El Dr. Al- Miqdad durante la reuni\u00f3n expres\u00f3 el gran\u00a0 aprecio por los esfuerzos realizados por la Federaci\u00f3n Rusa en apoyar Siria en su lucha contra las organizaciones terroristas.<\/p>\n<p>Por su parte, el embajador\u00a0 ruso confirm\u00f3\u00a0 la importancia de la relaci\u00f3n entre Rusia y Siria, y la preocupaci\u00f3n\u00a0 de los dirigentes rusos para encontrar una soluci\u00f3n pac\u00edfica a la crisis en Siria.<\/p>\n<p>A lo largo de la reuni\u00f3n, el embajador ruso conden\u00f3 los actos de terrorismo cometidos por las organizaciones terroristas\u00a0 Daesh, y\u00a0 la Frente al-Nusra\u00a0 en Siria, la regi\u00f3n, y el mundo<\/p>\n<p>Durante la reuni\u00f3n, ambas partes revisaron los preparativos para celebrar la pr\u00f3xima reuni\u00f3n en Mosc\u00fa con el fin de asegurar su \u00e9xito\u00a0 para poner fin a la crisis en Siria.<\/p>\n<p><span style=\"color: #0000ff\">M.Miri, Riad.Sh<\/span><\/p>\n","protected":false},"excerpt":{"rendered":"<p>Damasco-SANA El viceministro de Exteriores y Emigrantes, Faisal al-Miqdad\u00a0 se reuni\u00f3\u00a0 hoy con\u00a0 la delegaci\u00f3n rusa que visita Siria, encabezada por el embajador designado de tareas especiales por el Ministerio de Asuntos Exteriores de Rusia, Azmatullah Komahmedov. El Dr. Al- Miqdad durante la reuni\u00f3n expres\u00f3 el gran\u00a0 aprecio por los esfuerzos realizados por la Federaci\u00f3n &hellip;<\/p>\n","protected":false},"author":1,"featured_media":19940,"comment_status":"closed","ping_status":"closed","sticky":false,"template":"","format":"standard","meta":{"footnotes":""},"categories":[597,456,457,576],"tags":[4523],"class_list":["post-19939","post","type-post","status-publish","format-standard","has-post-thumbnail","","category-cinta-de-noticias","category-arabe-internacional-politica","category-noticias-arabe-internacional-politica","category-noticias-politicas","tag-al-miqdad-apreciamos-profundamente-los-esfuerzos-de-rusia-en-respecto-a-siria-y-su-lucha-contra-el-terrorismo"],"_links":{"self":[{"href":"https:\/\/archive.sana.sy\/es\/index.php?rest_route=\/wp\/v2\/posts\/19939"}],"collection":[{"href":"https:\/\/archive.sana.sy\/es\/index.php?rest_route=\/wp\/v2\/posts"}],"about":[{"href":"https:\/\/archive.sana.sy\/es\/index.php?rest_route=\/wp\/v2\/types\/post"}],"author":[{"embeddable":true,"href":"https:\/\/archive.sana.sy\/es\/index.php?rest_route=\/wp\/v2\/users\/1"}],"replies":[{"embeddable":true,"href":"https:\/\/archive.sana.sy\/es\/index.php?rest_route=%2Fwp%2Fv2%2Fcomments&post=19939"}],"version-history":[{"count":0,"href":"https:\/\/archive.sana.sy\/es\/index.php?rest_route=\/wp\/v2\/posts\/19939\/revisions"}],"wp:featuredmedia":[{"embeddable":true,"href":"https:\/\/archive.sana.sy\/es\/index.php?rest_route=\/wp\/v2\/media\/19940"}],"wp:attachment":[{"href":"https:\/\/archive.sana.sy\/es\/index.php?rest_route=%2Fwp%2Fv2%2Fmedia&parent=19939"}],"wp:term":[{"taxonomy":"category","embeddable":true,"href":"https:\/\/archive.sana.sy\/es\/index.php?rest_route=%2Fwp%2Fv2%2Fcategories&post=19939"},{"taxonomy":"post_tag","embeddable":true,"href":"https:\/\/archive.sana.sy\/es\/index.php?rest_route=%2Fwp%2Fv2%2Ftags&post=19939"}],"curies":[{"name":"wp","href":"https:\/\/api.w.org\/{rel}","templated":true}]}}