{"id":199409,"date":"2021-10-01T17:57:55","date_gmt":"2021-10-01T14:57:55","guid":{"rendered":"http:\/\/107.6.182.27\/es\/?p=199409"},"modified":"2023-01-10T15:13:43","modified_gmt":"2023-01-10T13:13:43","slug":"conversaciones-sirio-rusas-para-impulsar-la-cooperacion-economica","status":"publish","type":"post","link":"https:\/\/archive.sana.sy\/es\/?p=199409","title":{"rendered":"Conversaciones sirio-rusas para impulsar la cooperaci\u00f3n econ\u00f3mica"},"content":{"rendered":"<p style=\"text-align: justify;\"><span style=\"color: #800000;\"><strong>Dub\u00e1i, 01 Oct (SANA)<\/strong><\/span><\/p>\n<p style=\"text-align: justify;\">El Ministro de Econom\u00eda y Comercio Exterior, Muhammad Samer Al-Khalil, examin\u00f3 con Alexei Grozdev, el Viceministro de Industria y Comercio de Rusia en Dub\u00e1i, aspectos de la cooperaci\u00f3n entre los dos pa\u00edses en los campos econ\u00f3micos.<\/p>\n<p style=\"text-align: justify;\">Durante el encuentro, que se realiz\u00f3 al margen de la Expo 2020 Dub\u00e1i, se hizo hincapi\u00e9 en seguir potenciando la cooperaci\u00f3n comercial y de inversi\u00f3n entre ambos y en acelerar las medidas tomadas con el objetivo de facilitar y potenciar esta cooperaci\u00f3n, adem\u00e1s de la cuesti\u00f3n de las exenciones aduaneras para las mercanc\u00edas sirias.<\/p>\n<p style=\"text-align: justify;\">La reuni\u00f3n abord\u00f3 tambi\u00e9n la continua aspiraci\u00f3n de las empresas rusas de invertir en Siria, especialmente con el aumento de exenciones y facilidades y, con la emisi\u00f3n de la nueva ley siria de inversiones, que proporciona un incentivador paquete de ventajas y garant\u00edas.<\/p>\n<p style=\"text-align: justify;\"><span style=\"color: #0000ff;\"><strong>sm\/rsh<\/strong><\/span><\/p>\n","protected":false},"excerpt":{"rendered":"<p>Dub\u00e1i, 01 Oct (SANA) El Ministro de Econom\u00eda y Comercio Exterior, Muhammad Samer Al-Khalil, examin\u00f3 con Alexei Grozdev, el Viceministro de Industria y Comercio de Rusia en Dub\u00e1i, aspectos de la cooperaci\u00f3n entre los dos pa\u00edses en los campos econ\u00f3micos. Durante el encuentro, que se realiz\u00f3 al margen de la Expo 2020 Dub\u00e1i, se hizo &hellip;<\/p>\n","protected":false},"author":39,"featured_media":199410,"comment_status":"closed","ping_status":"closed","sticky":false,"template":"","format":"standard","meta":{"footnotes":""},"categories":[447,597,485,457,467,7541],"tags":[],"class_list":["post-199409","post","type-post","status-publish","format-standard","has-post-thumbnail","","category-local-politica","category-cinta-de-noticias","category-informes-negocios-y-finanzas","category-noticias-arabe-internacional-politica","category-siria-y-el-mundo","category-ultimas-noticias"],"_links":{"self":[{"href":"https:\/\/archive.sana.sy\/es\/index.php?rest_route=\/wp\/v2\/posts\/199409"}],"collection":[{"href":"https:\/\/archive.sana.sy\/es\/index.php?rest_route=\/wp\/v2\/posts"}],"about":[{"href":"https:\/\/archive.sana.sy\/es\/index.php?rest_route=\/wp\/v2\/types\/post"}],"author":[{"embeddable":true,"href":"https:\/\/archive.sana.sy\/es\/index.php?rest_route=\/wp\/v2\/users\/39"}],"replies":[{"embeddable":true,"href":"https:\/\/archive.sana.sy\/es\/index.php?rest_route=%2Fwp%2Fv2%2Fcomments&post=199409"}],"version-history":[{"count":0,"href":"https:\/\/archive.sana.sy\/es\/index.php?rest_route=\/wp\/v2\/posts\/199409\/revisions"}],"wp:featuredmedia":[{"embeddable":true,"href":"https:\/\/archive.sana.sy\/es\/index.php?rest_route=\/wp\/v2\/media\/199410"}],"wp:attachment":[{"href":"https:\/\/archive.sana.sy\/es\/index.php?rest_route=%2Fwp%2Fv2%2Fmedia&parent=199409"}],"wp:term":[{"taxonomy":"category","embeddable":true,"href":"https:\/\/archive.sana.sy\/es\/index.php?rest_route=%2Fwp%2Fv2%2Fcategories&post=199409"},{"taxonomy":"post_tag","embeddable":true,"href":"https:\/\/archive.sana.sy\/es\/index.php?rest_route=%2Fwp%2Fv2%2Ftags&post=199409"}],"curies":[{"name":"wp","href":"https:\/\/api.w.org\/{rel}","templated":true}]}}