{"id":199415,"date":"2021-10-01T14:00:23","date_gmt":"2021-10-01T11:00:23","guid":{"rendered":"http:\/\/107.6.182.27\/es\/?p=199415"},"modified":"2021-10-01T20:03:58","modified_gmt":"2021-10-01T17:03:58","slug":"regimen-turco-sigue-apoyando-a-los-terroristas-en-siria-afirman-analistas-rusos","status":"publish","type":"post","link":"https:\/\/archive.sana.sy\/es\/?p=199415","title":{"rendered":"R\u00e9gimen turco sigue apoyando a los terroristas en Siria, afirman analistas rusos"},"content":{"rendered":"<p><span style=\"color: #800000;\">Mosc\u00fa, 01 Oct (SANA)<\/span><\/p>\n<p style=\"text-align: justify;\">Investigadores y analistas pol\u00edticos rusos confirmaron que el presidente del r\u00e9gimen turco, Recep Tayyip Erdogan, contin\u00faa la pol\u00edtica de turquizaci\u00f3n en las \u00e1reas que ocupa en Siria y no cumple con los acuerdos y promesas en t\u00e9rminos de deshacerse de las organizaciones terroristas en la provincia de Idlib.<\/p>\n<p style=\"text-align: justify;\">Estos investigadores y analistas se\u00f1alaron, durante una videoconferencia, que el r\u00e9gimen turco est\u00e1 trabajando para consolidar la situaci\u00f3n que ha creado en las zonas que ocupa en el norte de Siria expulsando a la poblaci\u00f3n nativa de sus hogares para albergar a sus t\u00edteres all\u00ed, adem\u00e1s de imponer planes de estudios turcos en las escuelas, utilizar la moneda turca en las transacciones diarias, a\u00f1\u00e1dale la incautaci\u00f3n de instituciones gubernamentales sirias.<\/p>\n<p style=\"text-align: justify;\">Indicaron que la ocupaci\u00f3n estadounidense de territorios sirios redunda en inter\u00e9s del r\u00e9gimen turco, adem\u00e1s de que priva al pueblo sirio de su riqueza y recursos naturales.<\/p>\n<p style=\"text-align: justify;\">En respuesta a una pregunta del corresponsal de SANA en Mosc\u00fa, el director del Instituto de Investigaci\u00f3n Pol\u00edtica y Social de los mares Negro y Caspio, Victor Nadine Rayevsky, dijo que el r\u00e9gimen turco no quiere llevar a cabo la tarea que prometi\u00f3 realizar de separar de los llamados &#8220;Opositores&#8221; de los terroristas y extremistas en Idlib, alegando que las organizaciones all\u00ed ya salieron de su control.<\/p>\n<p style=\"text-align: justify;\">Por su parte, el director del Centro de Estudios de Turqu\u00eda Contempor\u00e1nea del Instituto Orientalista Ruso, Omor Gadjiev, confirm\u00f3 que a Erdogan no le importa la alianza estadounidense con la milicia de las FDS porque esta coalici\u00f3n es conveniente para su r\u00e9gimen porque est\u00e1 dirigida contra Siria y su gente por un lado y aleja a estas milicias de la frontera con Turqu\u00eda por el otro.<\/p>\n<p>sm\/rsh<\/p>\n","protected":false},"excerpt":{"rendered":"<p>Mosc\u00fa, 01 Oct (SANA) Investigadores y analistas pol\u00edticos rusos confirmaron que el presidente del r\u00e9gimen turco, Recep Tayyip Erdogan, contin\u00faa la pol\u00edtica de turquizaci\u00f3n en las \u00e1reas que ocupa en Siria y no cumple con los acuerdos y promesas en t\u00e9rminos de deshacerse de las organizaciones terroristas en la provincia de Idlib. Estos investigadores y &hellip;<\/p>\n","protected":false},"author":31,"featured_media":199416,"comment_status":"closed","ping_status":"closed","sticky":false,"template":"","format":"standard","meta":{"footnotes":""},"categories":[597,467,7541],"tags":[],"class_list":["post-199415","post","type-post","status-publish","format-standard","has-post-thumbnail","","category-cinta-de-noticias","category-siria-y-el-mundo","category-ultimas-noticias"],"_links":{"self":[{"href":"https:\/\/archive.sana.sy\/es\/index.php?rest_route=\/wp\/v2\/posts\/199415"}],"collection":[{"href":"https:\/\/archive.sana.sy\/es\/index.php?rest_route=\/wp\/v2\/posts"}],"about":[{"href":"https:\/\/archive.sana.sy\/es\/index.php?rest_route=\/wp\/v2\/types\/post"}],"author":[{"embeddable":true,"href":"https:\/\/archive.sana.sy\/es\/index.php?rest_route=\/wp\/v2\/users\/31"}],"replies":[{"embeddable":true,"href":"https:\/\/archive.sana.sy\/es\/index.php?rest_route=%2Fwp%2Fv2%2Fcomments&post=199415"}],"version-history":[{"count":0,"href":"https:\/\/archive.sana.sy\/es\/index.php?rest_route=\/wp\/v2\/posts\/199415\/revisions"}],"wp:featuredmedia":[{"embeddable":true,"href":"https:\/\/archive.sana.sy\/es\/index.php?rest_route=\/wp\/v2\/media\/199416"}],"wp:attachment":[{"href":"https:\/\/archive.sana.sy\/es\/index.php?rest_route=%2Fwp%2Fv2%2Fmedia&parent=199415"}],"wp:term":[{"taxonomy":"category","embeddable":true,"href":"https:\/\/archive.sana.sy\/es\/index.php?rest_route=%2Fwp%2Fv2%2Fcategories&post=199415"},{"taxonomy":"post_tag","embeddable":true,"href":"https:\/\/archive.sana.sy\/es\/index.php?rest_route=%2Fwp%2Fv2%2Ftags&post=199415"}],"curies":[{"name":"wp","href":"https:\/\/api.w.org\/{rel}","templated":true}]}}