{"id":199486,"date":"2021-10-02T12:02:15","date_gmt":"2021-10-02T09:02:15","guid":{"rendered":"http:\/\/107.6.182.27\/es\/?p=199486"},"modified":"2023-01-09T14:05:08","modified_gmt":"2023-01-09T12:05:08","slug":"continuan-secuestros-y-agresiones-por-mercenarios-proturcos-en-el-noroeste-hasakeh","status":"publish","type":"post","link":"https:\/\/archive.sana.sy\/es\/?p=199486","title":{"rendered":"Contin\u00faan secuestros y agresiones por mercenarios proturcos en el noroeste Hasakeh"},"content":{"rendered":"<p style=\"text-align: justify;\"><span style=\"color: #800000;\"><strong>Hasakeh , 02 oct (SANA)<\/strong><\/span><\/p>\n<p style=\"text-align: justify;\">Las organizaciones terroristas respaldadas por las fuerzas de ocupaci\u00f3n turcas continuaron sus pr\u00e1cticas agresivas contra civiles en las zonas bajo su control en la provincia siria de Hasakeh donde en las \u00faltimas horas secuestraron a un civil y agredieron a uno de los lideres tribales en el noroeste Hasakeh.<\/p>\n<p style=\"text-align: justify;\">Seg\u00fan fuentes locales, los armados de la llamada divisi\u00f3n Suqur al-Sunnah una agrupaci\u00f3n terrorista afilada a Ankara , asaltaron una vivienda en la aldea de Adwaniyah en la localidad de Ras al-Ain, donde llevaron por la fuerza un residente de esta regi\u00f3n adem\u00e1s de agredir e insultar su esposa mientras intentaba impedirlos.<\/p>\n<p style=\"text-align: justify;\">Semejantes acciones se reportaron contra los lugare\u00f1os en la aldea de al-Badee en la referida localidad por parte de los milicianos de otra agrupaci\u00f3n terrorista llamada \u00a8Suqur Al-Shamal\u00a8 donde atacaron a un l\u00edder tribal mientras intentaba detenerlos a entrar su aldea con el fin de saquear las viviendas y propiedades .<\/p>\n<p style=\"text-align: justify;\">La ocupaci\u00f3n turca y sus mercenarios terroristas agreden con frecuencia los lugare\u00f1os en zonas y aldeas bajo su control en Hasakeh.<\/p>\n<p style=\"text-align: justify;\"><span style=\"color: #0000ff;\"><strong>ws\/fm<\/strong><\/span><\/p>\n","protected":false},"excerpt":{"rendered":"<p>Hasakeh , 02 oct (SANA) Las organizaciones terroristas respaldadas por las fuerzas de ocupaci\u00f3n turcas continuaron sus pr\u00e1cticas agresivas contra civiles en las zonas bajo su control en la provincia siria de Hasakeh donde en las \u00faltimas horas secuestraron a un civil y agredieron a uno de los lideres tribales en el noroeste Hasakeh. Seg\u00fan &hellip;<\/p>\n","protected":false},"author":35,"featured_media":199487,"comment_status":"closed","ping_status":"closed","sticky":false,"template":"","format":"standard","meta":{"footnotes":""},"categories":[477,447,597,573,476,7541],"tags":[],"class_list":["post-199486","post","type-post","status-publish","format-standard","has-post-thumbnail","","category-noticias-edulcorantes","category-local-politica","category-cinta-de-noticias","category-la-realidad-de-los-acontecimientos-en-siria","category-locales","category-ultimas-noticias"],"_links":{"self":[{"href":"https:\/\/archive.sana.sy\/es\/index.php?rest_route=\/wp\/v2\/posts\/199486"}],"collection":[{"href":"https:\/\/archive.sana.sy\/es\/index.php?rest_route=\/wp\/v2\/posts"}],"about":[{"href":"https:\/\/archive.sana.sy\/es\/index.php?rest_route=\/wp\/v2\/types\/post"}],"author":[{"embeddable":true,"href":"https:\/\/archive.sana.sy\/es\/index.php?rest_route=\/wp\/v2\/users\/35"}],"replies":[{"embeddable":true,"href":"https:\/\/archive.sana.sy\/es\/index.php?rest_route=%2Fwp%2Fv2%2Fcomments&post=199486"}],"version-history":[{"count":0,"href":"https:\/\/archive.sana.sy\/es\/index.php?rest_route=\/wp\/v2\/posts\/199486\/revisions"}],"wp:featuredmedia":[{"embeddable":true,"href":"https:\/\/archive.sana.sy\/es\/index.php?rest_route=\/wp\/v2\/media\/199487"}],"wp:attachment":[{"href":"https:\/\/archive.sana.sy\/es\/index.php?rest_route=%2Fwp%2Fv2%2Fmedia&parent=199486"}],"wp:term":[{"taxonomy":"category","embeddable":true,"href":"https:\/\/archive.sana.sy\/es\/index.php?rest_route=%2Fwp%2Fv2%2Fcategories&post=199486"},{"taxonomy":"post_tag","embeddable":true,"href":"https:\/\/archive.sana.sy\/es\/index.php?rest_route=%2Fwp%2Fv2%2Ftags&post=199486"}],"curies":[{"name":"wp","href":"https:\/\/api.w.org\/{rel}","templated":true}]}}