{"id":199489,"date":"2021-10-02T12:09:45","date_gmt":"2021-10-02T09:09:45","guid":{"rendered":"http:\/\/107.6.182.27\/es\/?p=199489"},"modified":"2023-01-10T14:25:48","modified_gmt":"2023-01-10T12:25:48","slug":"continua-proceso-de-entrega-de-armas-y-armados-en-la-ciudad-de-nawa-en-deraa-fotos","status":"publish","type":"post","link":"https:\/\/archive.sana.sy\/es\/?p=199489","title":{"rendered":"Contin\u00faa proceso de entrega de armas y armados en la ciudad de Nawa en Deraa"},"content":{"rendered":"<p style=\"text-align: justify;\"><strong><span style=\"color: #800000;\">Deraa , 02 oct (SANA)\u00a0<\/span><\/strong><\/p>\n<p style=\"text-align: justify;\">Contin\u00faa el proceso de entrega de integrantes de los grupos armados ilegales al ej\u00e9rcito sirio en la ciudad de Nawa, en la provincia de Deraa, en el sur del pa\u00eds.<\/p>\n<p><img loading=\"lazy\" decoding=\"async\" class=\"size-medium wp-image-199501 alignright\" src=\"http:\/\/107.6.182.27\/es\/wp-content\/uploads\/2021\/10\/photo_2021-10-02_11-22-09-2-300x217.jpg\" alt=\"\" width=\"300\" height=\"217\" srcset=\"https:\/\/archive.sana.sy\/es\/wp-content\/uploads\/2021\/10\/photo_2021-10-02_11-22-09-2-300x217.jpg 300w, https:\/\/archive.sana.sy\/es\/wp-content\/uploads\/2021\/10\/photo_2021-10-02_11-22-09-2-1024x742.jpg 1024w, https:\/\/archive.sana.sy\/es\/wp-content\/uploads\/2021\/10\/photo_2021-10-02_11-22-09-2-150x109.jpg 150w, https:\/\/archive.sana.sy\/es\/wp-content\/uploads\/2021\/10\/photo_2021-10-02_11-22-09-2-768x556.jpg 768w, https:\/\/archive.sana.sy\/es\/wp-content\/uploads\/2021\/10\/photo_2021-10-02_11-22-09-2-1536x1113.jpg 1536w, https:\/\/archive.sana.sy\/es\/wp-content\/uploads\/2021\/10\/photo_2021-10-02_11-22-09-2-2048x1484.jpg 2048w\" sizes=\"(max-width: 300px) 100vw, 300px\" \/><\/p>\n<p style=\"text-align: justify;\">Varios armados depusieron hoy sus armas y municiones, y su estatus fue normalizado en el centro de reconciliaci\u00f3n abierto por el ej\u00e9rcito en la misma ciudad.<\/p>\n<p style=\"text-align: justify;\">El acuerdo que se implement\u00f3 en casi una veintena de localidades, estipula la normalizaci\u00f3n del estatus de los armados que deponen sus armas, la salida de los terroristas hacia el norte de Siria y la instauraci\u00f3n de la autoridad del Estado.<\/p>\n<p style=\"text-align: justify;\">El Estado sirio trabaj\u00f3 durante varias semanas por todos los medios para consolidar la seguridad en Deraa y para dar prioridad a las soluciones pac\u00edficas con el fin de preservar la vida de los civiles y evitar destrucci\u00f3n en las infraestructuras de servicios.<\/p>\n<p style=\"text-align: justify;\"><span style=\"color: #0000ff;\"><strong>ws\/fm<\/strong><\/span><\/p>\n<div id='gallery-1' class='gallery galleryid-199489 gallery-columns-1 gallery-size-full'><figure class='gallery-item'>\n\t\t\t<div class='gallery-icon landscape'>\n\t\t\t\t<a href='https:\/\/archive.sana.sy\/es\/?attachment_id=199502'><img loading=\"lazy\" decoding=\"async\" width=\"2560\" height=\"1759\" src=\"https:\/\/archive.sana.sy\/es\/wp-content\/uploads\/2021\/10\/400293900248_62550-scaled.jpg\" class=\"attachment-full size-full\" alt=\"\" srcset=\"https:\/\/archive.sana.sy\/es\/wp-content\/uploads\/2021\/10\/400293900248_62550-scaled.jpg 2560w, https:\/\/archive.sana.sy\/es\/wp-content\/uploads\/2021\/10\/400293900248_62550-300x206.jpg 300w, https:\/\/archive.sana.sy\/es\/wp-content\/uploads\/2021\/10\/400293900248_62550-1024x704.jpg 1024w, https:\/\/archive.sana.sy\/es\/wp-content\/uploads\/2021\/10\/400293900248_62550-150x103.jpg 150w, https:\/\/archive.sana.sy\/es\/wp-content\/uploads\/2021\/10\/400293900248_62550-768x528.jpg 768w, https:\/\/archive.sana.sy\/es\/wp-content\/uploads\/2021\/10\/400293900248_62550-1536x1056.jpg 1536w, https:\/\/archive.sana.sy\/es\/wp-content\/uploads\/2021\/10\/400293900248_62550-2048x1408.jpg 2048w, https:\/\/archive.sana.sy\/es\/wp-content\/uploads\/2021\/10\/400293900248_62550-110x75.jpg 110w\" sizes=\"(max-width: 2560px) 100vw, 2560px\" \/><\/a>\n\t\t\t<\/div><\/figure><figure class='gallery-item'>\n\t\t\t<div class='gallery-icon landscape'>\n\t\t\t\t<a href='https:\/\/archive.sana.sy\/es\/?attachment_id=199503'><img loading=\"lazy\" decoding=\"async\" width=\"2560\" height=\"1642\" src=\"https:\/\/archive.sana.sy\/es\/wp-content\/uploads\/2021\/10\/photo_2021-10-02_12-10-19-scaled.jpg\" class=\"attachment-full size-full\" alt=\"\" srcset=\"https:\/\/archive.sana.sy\/es\/wp-content\/uploads\/2021\/10\/photo_2021-10-02_12-10-19-scaled.jpg 2560w, https:\/\/archive.sana.sy\/es\/wp-content\/uploads\/2021\/10\/photo_2021-10-02_12-10-19-300x192.jpg 300w, https:\/\/archive.sana.sy\/es\/wp-content\/uploads\/2021\/10\/photo_2021-10-02_12-10-19-1024x657.jpg 1024w, https:\/\/archive.sana.sy\/es\/wp-content\/uploads\/2021\/10\/photo_2021-10-02_12-10-19-150x96.jpg 150w, https:\/\/archive.sana.sy\/es\/wp-content\/uploads\/2021\/10\/photo_2021-10-02_12-10-19-768x493.jpg 768w, https:\/\/archive.sana.sy\/es\/wp-content\/uploads\/2021\/10\/photo_2021-10-02_12-10-19-1536x985.jpg 1536w, https:\/\/archive.sana.sy\/es\/wp-content\/uploads\/2021\/10\/photo_2021-10-02_12-10-19-2048x1314.jpg 2048w\" sizes=\"(max-width: 2560px) 100vw, 2560px\" \/><\/a>\n\t\t\t<\/div><\/figure>\n\t\t<\/div>\n\n","protected":false},"excerpt":{"rendered":"<p>Deraa , 02 oct (SANA)\u00a0 Contin\u00faa el proceso de entrega de integrantes de los grupos armados ilegales al ej\u00e9rcito sirio en la ciudad de Nawa, en la provincia de Deraa, en el sur del pa\u00eds. Varios armados depusieron hoy sus armas y municiones, y su estatus fue normalizado en el centro de reconciliaci\u00f3n abierto por &hellip;<\/p>\n","protected":false},"author":35,"featured_media":199499,"comment_status":"closed","ping_status":"closed","sticky":false,"template":"","format":"standard","meta":{"footnotes":""},"categories":[477,447,597,573,476,7541],"tags":[],"class_list":["post-199489","post","type-post","status-publish","format-standard","has-post-thumbnail","","category-noticias-edulcorantes","category-local-politica","category-cinta-de-noticias","category-la-realidad-de-los-acontecimientos-en-siria","category-locales","category-ultimas-noticias"],"_links":{"self":[{"href":"https:\/\/archive.sana.sy\/es\/index.php?rest_route=\/wp\/v2\/posts\/199489"}],"collection":[{"href":"https:\/\/archive.sana.sy\/es\/index.php?rest_route=\/wp\/v2\/posts"}],"about":[{"href":"https:\/\/archive.sana.sy\/es\/index.php?rest_route=\/wp\/v2\/types\/post"}],"author":[{"embeddable":true,"href":"https:\/\/archive.sana.sy\/es\/index.php?rest_route=\/wp\/v2\/users\/35"}],"replies":[{"embeddable":true,"href":"https:\/\/archive.sana.sy\/es\/index.php?rest_route=%2Fwp%2Fv2%2Fcomments&post=199489"}],"version-history":[{"count":0,"href":"https:\/\/archive.sana.sy\/es\/index.php?rest_route=\/wp\/v2\/posts\/199489\/revisions"}],"wp:featuredmedia":[{"embeddable":true,"href":"https:\/\/archive.sana.sy\/es\/index.php?rest_route=\/wp\/v2\/media\/199499"}],"wp:attachment":[{"href":"https:\/\/archive.sana.sy\/es\/index.php?rest_route=%2Fwp%2Fv2%2Fmedia&parent=199489"}],"wp:term":[{"taxonomy":"category","embeddable":true,"href":"https:\/\/archive.sana.sy\/es\/index.php?rest_route=%2Fwp%2Fv2%2Fcategories&post=199489"},{"taxonomy":"post_tag","embeddable":true,"href":"https:\/\/archive.sana.sy\/es\/index.php?rest_route=%2Fwp%2Fv2%2Ftags&post=199489"}],"curies":[{"name":"wp","href":"https:\/\/api.w.org\/{rel}","templated":true}]}}