{"id":199493,"date":"2021-10-02T14:45:00","date_gmt":"2021-10-02T11:45:00","guid":{"rendered":"http:\/\/107.6.182.27\/es\/?p=199493"},"modified":"2023-01-10T14:25:48","modified_gmt":"2023-01-10T12:25:48","slug":"oracion-por-la-paz-en-siria","status":"publish","type":"post","link":"https:\/\/archive.sana.sy\/es\/?p=199493","title":{"rendered":"Oraci\u00f3n por la paz en Siria"},"content":{"rendered":"<p style=\"text-align: justify;\"><span style=\"color: #800000;\"><strong>Damasco, 02 oct (SANA)<\/strong><\/span><\/p>\n<p style=\"text-align: justify;\">La Catedral Patriarcal de los Sir\u00edacos Ortodoxos de San Jorge en Damasco celebr\u00f3 hoy una oraci\u00f3n por la paz en Siria.<\/p>\n<p style=\"text-align: justify;\">El rezo fue presidido por Mar Ignacio Efr\u00e9n II, Patriarca de Antioqu\u00eda y todo Oriente, Jefe Supremo de la Iglesia Ortodoxa Siria en el mundo, con la participaci\u00f3n del Patriarca greco-cat\u00f3lico melquita de Antioqu\u00eda y Todo Oriente, Youssef al-Absi, arzobispo de Viena, cardenal Christoph Sch\u00f6nborn, y varios jefes y representantes de denominaciones cristianas en Damasco.<\/p>\n<p style=\"text-align: justify;\">El serm\u00f3n se enmarca dentro de varias actividades en las que participa el cardenal Sch\u00f6nborn durante su visita a Siria, y tambi\u00e9n incluye una visita a varios lugares sagrados en las provincias de Damasco-Campo y Homs, adem\u00e1s de algunos proyectos de desarrollo.<\/p>\n<p style=\"text-align: justify;\"><span style=\"color: #0000ff;\"><strong>sm\/rsh<\/strong><\/span><\/p>\n","protected":false},"excerpt":{"rendered":"<p>Damasco, 02 oct (SANA) La Catedral Patriarcal de los Sir\u00edacos Ortodoxos de San Jorge en Damasco celebr\u00f3 hoy una oraci\u00f3n por la paz en Siria. El rezo fue presidido por Mar Ignacio Efr\u00e9n II, Patriarca de Antioqu\u00eda y todo Oriente, Jefe Supremo de la Iglesia Ortodoxa Siria en el mundo, con la participaci\u00f3n del Patriarca &hellip;<\/p>\n","protected":false},"author":39,"featured_media":199494,"comment_status":"closed","ping_status":"closed","sticky":false,"template":"","format":"standard","meta":{"footnotes":""},"categories":[447,477,597,457],"tags":[],"class_list":["post-199493","post","type-post","status-publish","format-standard","has-post-thumbnail","","category-local-politica","category-noticias-edulcorantes","category-cinta-de-noticias","category-noticias-arabe-internacional-politica"],"_links":{"self":[{"href":"https:\/\/archive.sana.sy\/es\/index.php?rest_route=\/wp\/v2\/posts\/199493"}],"collection":[{"href":"https:\/\/archive.sana.sy\/es\/index.php?rest_route=\/wp\/v2\/posts"}],"about":[{"href":"https:\/\/archive.sana.sy\/es\/index.php?rest_route=\/wp\/v2\/types\/post"}],"author":[{"embeddable":true,"href":"https:\/\/archive.sana.sy\/es\/index.php?rest_route=\/wp\/v2\/users\/39"}],"replies":[{"embeddable":true,"href":"https:\/\/archive.sana.sy\/es\/index.php?rest_route=%2Fwp%2Fv2%2Fcomments&post=199493"}],"version-history":[{"count":0,"href":"https:\/\/archive.sana.sy\/es\/index.php?rest_route=\/wp\/v2\/posts\/199493\/revisions"}],"wp:featuredmedia":[{"embeddable":true,"href":"https:\/\/archive.sana.sy\/es\/index.php?rest_route=\/wp\/v2\/media\/199494"}],"wp:attachment":[{"href":"https:\/\/archive.sana.sy\/es\/index.php?rest_route=%2Fwp%2Fv2%2Fmedia&parent=199493"}],"wp:term":[{"taxonomy":"category","embeddable":true,"href":"https:\/\/archive.sana.sy\/es\/index.php?rest_route=%2Fwp%2Fv2%2Fcategories&post=199493"},{"taxonomy":"post_tag","embeddable":true,"href":"https:\/\/archive.sana.sy\/es\/index.php?rest_route=%2Fwp%2Fv2%2Ftags&post=199493"}],"curies":[{"name":"wp","href":"https:\/\/api.w.org\/{rel}","templated":true}]}}