{"id":199496,"date":"2021-10-02T14:54:52","date_gmt":"2021-10-02T11:54:52","guid":{"rendered":"http:\/\/107.6.182.27\/es\/?p=199496"},"modified":"2023-01-10T14:25:48","modified_gmt":"2023-01-10T12:25:48","slug":"siria-e-iran-examinan-cooperacion-en-los-campos-economico-y-de-inversion","status":"publish","type":"post","link":"https:\/\/archive.sana.sy\/es\/?p=199496","title":{"rendered":"Siria e Ir\u00e1n examinan cooperaci\u00f3n en los campos econ\u00f3mico y de inversi\u00f3n"},"content":{"rendered":"<p><span style=\"color: #800000;\"><strong>Dub\u00e1i, 02 Oct (SANA)<\/strong><\/span><\/p>\n<p style=\"text-align: justify;\">El Ministro de Econom\u00eda y Comercio Exterior, Muhammad Samer Al-Khalil, examin\u00f3 con el Viceministro de Turismo iran\u00ed, Ali Asghar Shalbavian, en el pabell\u00f3n sirio de la &#8221; Expo 2020 Dub\u00e1i&#8221;, la importancia de continuar la cooperaci\u00f3n y la coordinaci\u00f3n en el \u00e1mbito econ\u00f3mico y de inversi\u00f3n entre los dos pa\u00edses.<\/p>\n<p style=\"text-align: justify;\">Durante la reuni\u00f3n, que se realiz\u00f3 al margen de la exposici\u00f3n, el titular iran\u00ed afirm\u00f3 la disposici\u00f3n de su pa\u00eds a participar activamente en la reconstrucci\u00f3n y restauraci\u00f3n de \u00e1reas arqueol\u00f3gicas y tur\u00edsticas sirias que fueron saboteadas y a invertir en turismo mediante la construcci\u00f3n y equipamiento de nuevas instituciones hoteleras.<\/p>\n<p style=\"text-align: justify;\">Ambas partes acordaron intercambiar visitas bilaterales para profundizar aspectos de la cooperaci\u00f3n comercial, econ\u00f3mica y tur\u00edstica entre los dos pa\u00edses.<\/p>\n<p><span style=\"color: #0000ff;\"><strong>sm\/rsh<\/strong><\/span><\/p>\n","protected":false},"excerpt":{"rendered":"<p>Dub\u00e1i, 02 Oct (SANA) El Ministro de Econom\u00eda y Comercio Exterior, Muhammad Samer Al-Khalil, examin\u00f3 con el Viceministro de Turismo iran\u00ed, Ali Asghar Shalbavian, en el pabell\u00f3n sirio de la &#8221; Expo 2020 Dub\u00e1i&#8221;, la importancia de continuar la cooperaci\u00f3n y la coordinaci\u00f3n en el \u00e1mbito econ\u00f3mico y de inversi\u00f3n entre los dos pa\u00edses. Durante &hellip;<\/p>\n","protected":false},"author":39,"featured_media":199497,"comment_status":"closed","ping_status":"closed","sticky":false,"template":"","format":"standard","meta":{"footnotes":""},"categories":[447,597,457,467,583],"tags":[],"class_list":["post-199496","post","type-post","status-publish","format-standard","has-post-thumbnail","","category-local-politica","category-cinta-de-noticias","category-noticias-arabe-internacional-politica","category-siria-y-el-mundo","category-slide"],"_links":{"self":[{"href":"https:\/\/archive.sana.sy\/es\/index.php?rest_route=\/wp\/v2\/posts\/199496"}],"collection":[{"href":"https:\/\/archive.sana.sy\/es\/index.php?rest_route=\/wp\/v2\/posts"}],"about":[{"href":"https:\/\/archive.sana.sy\/es\/index.php?rest_route=\/wp\/v2\/types\/post"}],"author":[{"embeddable":true,"href":"https:\/\/archive.sana.sy\/es\/index.php?rest_route=\/wp\/v2\/users\/39"}],"replies":[{"embeddable":true,"href":"https:\/\/archive.sana.sy\/es\/index.php?rest_route=%2Fwp%2Fv2%2Fcomments&post=199496"}],"version-history":[{"count":0,"href":"https:\/\/archive.sana.sy\/es\/index.php?rest_route=\/wp\/v2\/posts\/199496\/revisions"}],"wp:featuredmedia":[{"embeddable":true,"href":"https:\/\/archive.sana.sy\/es\/index.php?rest_route=\/wp\/v2\/media\/199497"}],"wp:attachment":[{"href":"https:\/\/archive.sana.sy\/es\/index.php?rest_route=%2Fwp%2Fv2%2Fmedia&parent=199496"}],"wp:term":[{"taxonomy":"category","embeddable":true,"href":"https:\/\/archive.sana.sy\/es\/index.php?rest_route=%2Fwp%2Fv2%2Fcategories&post=199496"},{"taxonomy":"post_tag","embeddable":true,"href":"https:\/\/archive.sana.sy\/es\/index.php?rest_route=%2Fwp%2Fv2%2Ftags&post=199496"}],"curies":[{"name":"wp","href":"https:\/\/api.w.org\/{rel}","templated":true}]}}