{"id":199505,"date":"2021-10-02T15:55:18","date_gmt":"2021-10-02T12:55:18","guid":{"rendered":"http:\/\/107.6.182.27\/es\/?p=199505"},"modified":"2023-01-10T15:13:43","modified_gmt":"2023-01-10T13:13:43","slug":"campesinos-de-palmira-comienzan-cosecha-de-datiles","status":"publish","type":"post","link":"https:\/\/archive.sana.sy\/es\/?p=199505","title":{"rendered":"Campesinos de Palmira comienzan cosecha de d\u00e1tiles (+fotos)"},"content":{"rendered":"<p style=\"text-align: justify;\"><span style=\"color: #800000;\"><strong>Palmira, 02 Oct (SANA)<\/strong><\/span><\/p>\n<p style=\"text-align: justify;\">La temporada de cosecha de d\u00e1tiles comenz\u00f3 en el hist\u00f3rico oasis de \u201cHuertos de Palmira\u201d, despu\u00e9s de que los agricultores fueran privados de ello durante m\u00e1s de diez a\u00f1os debido a los actos terroristas en la regi\u00f3n.<\/p>\n<p style=\"text-align: justify;\"><img loading=\"lazy\" decoding=\"async\" class=\"size-medium wp-image-199506 alignright\" src=\"http:\/\/107.6.182.27\/es\/wp-content\/uploads\/2021\/10\/1-26-300x169.jpg\" alt=\"\" width=\"300\" height=\"169\" srcset=\"https:\/\/archive.sana.sy\/es\/wp-content\/uploads\/2021\/10\/1-26-300x169.jpg 300w, https:\/\/archive.sana.sy\/es\/wp-content\/uploads\/2021\/10\/1-26-1024x576.jpg 1024w, https:\/\/archive.sana.sy\/es\/wp-content\/uploads\/2021\/10\/1-26-150x84.jpg 150w, https:\/\/archive.sana.sy\/es\/wp-content\/uploads\/2021\/10\/1-26-768x432.jpg 768w, https:\/\/archive.sana.sy\/es\/wp-content\/uploads\/2021\/10\/1-26-1536x864.jpg 1536w, https:\/\/archive.sana.sy\/es\/wp-content\/uploads\/2021\/10\/1-26-2048x1152.jpg 2048w\" sizes=\"(max-width: 300px) 100vw, 300px\" \/><\/p>\n<p style=\"text-align: justify;\">En un recorrido de SANA por el Oasis, varios agricultores mientras recog\u00edan racimos de d\u00e1tiles y sus rostros se llenaban de alegr\u00eda, se\u00f1alaron que el retorno del agua a la zona despu\u00e9s de su liberaci\u00f3n ayud\u00f3 a devolverle la vida a las palmas y el regreso de los agricultores a sus fincas.<\/p>\n<p style=\"text-align: justify;\">El jefe de la Oficina de Desarrollo Ambiental en Palmira, Ghassan Abdullah, confirm\u00f3 que el referido oasis se extiende a un \u00e1rea de aproximadamente 400 hect\u00e1reas y contiene alrededor de 80,000 palmeras de diferentes tipos.<\/p>\n<p style=\"text-align: justify;\"><strong><span style=\"color: #0000ff;\">sm\/rsh<\/span><\/strong><\/p>\n<div id='gallery-1' class='gallery galleryid-199505 gallery-columns-1 gallery-size-full'><figure class='gallery-item'>\n\t\t\t<div class='gallery-icon landscape'>\n\t\t\t\t<a href='https:\/\/archive.sana.sy\/es\/?attachment_id=199510'><img loading=\"lazy\" decoding=\"async\" width=\"2126\" height=\"1196\" src=\"https:\/\/archive.sana.sy\/es\/wp-content\/uploads\/2021\/10\/1-4.jpg\" class=\"attachment-full size-full\" alt=\"\" srcset=\"https:\/\/archive.sana.sy\/es\/wp-content\/uploads\/2021\/10\/1-4.jpg 2126w, https:\/\/archive.sana.sy\/es\/wp-content\/uploads\/2021\/10\/1-4-300x169.jpg 300w, https:\/\/archive.sana.sy\/es\/wp-content\/uploads\/2021\/10\/1-4-1024x576.jpg 1024w, https:\/\/archive.sana.sy\/es\/wp-content\/uploads\/2021\/10\/1-4-150x84.jpg 150w, https:\/\/archive.sana.sy\/es\/wp-content\/uploads\/2021\/10\/1-4-768x432.jpg 768w, https:\/\/archive.sana.sy\/es\/wp-content\/uploads\/2021\/10\/1-4-1536x864.jpg 1536w, https:\/\/archive.sana.sy\/es\/wp-content\/uploads\/2021\/10\/1-4-2048x1152.jpg 2048w\" sizes=\"(max-width: 2126px) 100vw, 2126px\" \/><\/a>\n\t\t\t<\/div><\/figure><figure class='gallery-item'>\n\t\t\t<div class='gallery-icon landscape'>\n\t\t\t\t<a href='https:\/\/archive.sana.sy\/es\/?attachment_id=199509'><img loading=\"lazy\" decoding=\"async\" width=\"2126\" height=\"1196\" src=\"https:\/\/archive.sana.sy\/es\/wp-content\/uploads\/2021\/10\/1-2.jpg\" class=\"attachment-full size-full\" alt=\"\" srcset=\"https:\/\/archive.sana.sy\/es\/wp-content\/uploads\/2021\/10\/1-2.jpg 2126w, https:\/\/archive.sana.sy\/es\/wp-content\/uploads\/2021\/10\/1-2-300x169.jpg 300w, https:\/\/archive.sana.sy\/es\/wp-content\/uploads\/2021\/10\/1-2-1024x576.jpg 1024w, https:\/\/archive.sana.sy\/es\/wp-content\/uploads\/2021\/10\/1-2-150x84.jpg 150w, https:\/\/archive.sana.sy\/es\/wp-content\/uploads\/2021\/10\/1-2-768x432.jpg 768w, https:\/\/archive.sana.sy\/es\/wp-content\/uploads\/2021\/10\/1-2-1536x864.jpg 1536w, https:\/\/archive.sana.sy\/es\/wp-content\/uploads\/2021\/10\/1-2-2048x1152.jpg 2048w\" sizes=\"(max-width: 2126px) 100vw, 2126px\" \/><\/a>\n\t\t\t<\/div><\/figure><figure class='gallery-item'>\n\t\t\t<div class='gallery-icon landscape'>\n\t\t\t\t<a href='https:\/\/archive.sana.sy\/es\/?attachment_id=199511'><img loading=\"lazy\" decoding=\"async\" width=\"2126\" height=\"1196\" src=\"https:\/\/archive.sana.sy\/es\/wp-content\/uploads\/2021\/10\/1-16.jpg\" class=\"attachment-full size-full\" alt=\"\" srcset=\"https:\/\/archive.sana.sy\/es\/wp-content\/uploads\/2021\/10\/1-16.jpg 2126w, https:\/\/archive.sana.sy\/es\/wp-content\/uploads\/2021\/10\/1-16-300x169.jpg 300w, https:\/\/archive.sana.sy\/es\/wp-content\/uploads\/2021\/10\/1-16-1024x576.jpg 1024w, https:\/\/archive.sana.sy\/es\/wp-content\/uploads\/2021\/10\/1-16-150x84.jpg 150w, https:\/\/archive.sana.sy\/es\/wp-content\/uploads\/2021\/10\/1-16-768x432.jpg 768w, https:\/\/archive.sana.sy\/es\/wp-content\/uploads\/2021\/10\/1-16-1536x864.jpg 1536w, https:\/\/archive.sana.sy\/es\/wp-content\/uploads\/2021\/10\/1-16-2048x1152.jpg 2048w\" sizes=\"(max-width: 2126px) 100vw, 2126px\" \/><\/a>\n\t\t\t<\/div><\/figure><figure class='gallery-item'>\n\t\t\t<div class='gallery-icon landscape'>\n\t\t\t\t<a href='https:\/\/archive.sana.sy\/es\/?attachment_id=199513'><img loading=\"lazy\" decoding=\"async\" width=\"1489\" height=\"838\" src=\"https:\/\/archive.sana.sy\/es\/wp-content\/uploads\/2021\/10\/1-20.jpg\" class=\"attachment-full size-full\" alt=\"\" srcset=\"https:\/\/archive.sana.sy\/es\/wp-content\/uploads\/2021\/10\/1-20.jpg 1489w, https:\/\/archive.sana.sy\/es\/wp-content\/uploads\/2021\/10\/1-20-300x169.jpg 300w, https:\/\/archive.sana.sy\/es\/wp-content\/uploads\/2021\/10\/1-20-1024x576.jpg 1024w, https:\/\/archive.sana.sy\/es\/wp-content\/uploads\/2021\/10\/1-20-150x84.jpg 150w, https:\/\/archive.sana.sy\/es\/wp-content\/uploads\/2021\/10\/1-20-768x432.jpg 768w\" sizes=\"(max-width: 1489px) 100vw, 1489px\" \/><\/a>\n\t\t\t<\/div><\/figure><figure class='gallery-item'>\n\t\t\t<div class='gallery-icon landscape'>\n\t\t\t\t<a href='https:\/\/archive.sana.sy\/es\/?attachment_id=199514'><img loading=\"lazy\" decoding=\"async\" width=\"1489\" height=\"871\" src=\"https:\/\/archive.sana.sy\/es\/wp-content\/uploads\/2021\/10\/1-22-1.jpg\" class=\"attachment-full size-full\" alt=\"\" srcset=\"https:\/\/archive.sana.sy\/es\/wp-content\/uploads\/2021\/10\/1-22-1.jpg 1489w, https:\/\/archive.sana.sy\/es\/wp-content\/uploads\/2021\/10\/1-22-1-300x175.jpg 300w, https:\/\/archive.sana.sy\/es\/wp-content\/uploads\/2021\/10\/1-22-1-1024x599.jpg 1024w, https:\/\/archive.sana.sy\/es\/wp-content\/uploads\/2021\/10\/1-22-1-150x88.jpg 150w, https:\/\/archive.sana.sy\/es\/wp-content\/uploads\/2021\/10\/1-22-1-768x449.jpg 768w\" sizes=\"(max-width: 1489px) 100vw, 1489px\" \/><\/a>\n\t\t\t<\/div><\/figure><figure class='gallery-item'>\n\t\t\t<div class='gallery-icon landscape'>\n\t\t\t\t<a href='https:\/\/archive.sana.sy\/es\/?attachment_id=199515'><img loading=\"lazy\" decoding=\"async\" width=\"2126\" height=\"1247\" src=\"https:\/\/archive.sana.sy\/es\/wp-content\/uploads\/2021\/10\/1-23.jpg\" class=\"attachment-full size-full\" alt=\"\" srcset=\"https:\/\/archive.sana.sy\/es\/wp-content\/uploads\/2021\/10\/1-23.jpg 2126w, https:\/\/archive.sana.sy\/es\/wp-content\/uploads\/2021\/10\/1-23-300x176.jpg 300w, https:\/\/archive.sana.sy\/es\/wp-content\/uploads\/2021\/10\/1-23-1024x601.jpg 1024w, https:\/\/archive.sana.sy\/es\/wp-content\/uploads\/2021\/10\/1-23-150x88.jpg 150w, https:\/\/archive.sana.sy\/es\/wp-content\/uploads\/2021\/10\/1-23-768x450.jpg 768w, https:\/\/archive.sana.sy\/es\/wp-content\/uploads\/2021\/10\/1-23-1536x901.jpg 1536w, https:\/\/archive.sana.sy\/es\/wp-content\/uploads\/2021\/10\/1-23-2048x1201.jpg 2048w\" sizes=\"(max-width: 2126px) 100vw, 2126px\" \/><\/a>\n\t\t\t<\/div><\/figure><figure class='gallery-item'>\n\t\t\t<div class='gallery-icon landscape'>\n\t\t\t\t<a href='https:\/\/archive.sana.sy\/es\/?attachment_id=199516'><img loading=\"lazy\" decoding=\"async\" width=\"2126\" height=\"1196\" src=\"https:\/\/archive.sana.sy\/es\/wp-content\/uploads\/2021\/10\/1-24-1.jpg\" class=\"attachment-full size-full\" alt=\"\" srcset=\"https:\/\/archive.sana.sy\/es\/wp-content\/uploads\/2021\/10\/1-24-1.jpg 2126w, https:\/\/archive.sana.sy\/es\/wp-content\/uploads\/2021\/10\/1-24-1-300x169.jpg 300w, https:\/\/archive.sana.sy\/es\/wp-content\/uploads\/2021\/10\/1-24-1-1024x576.jpg 1024w, https:\/\/archive.sana.sy\/es\/wp-content\/uploads\/2021\/10\/1-24-1-150x84.jpg 150w, https:\/\/archive.sana.sy\/es\/wp-content\/uploads\/2021\/10\/1-24-1-768x432.jpg 768w, https:\/\/archive.sana.sy\/es\/wp-content\/uploads\/2021\/10\/1-24-1-1536x864.jpg 1536w, https:\/\/archive.sana.sy\/es\/wp-content\/uploads\/2021\/10\/1-24-1-2048x1152.jpg 2048w\" sizes=\"(max-width: 2126px) 100vw, 2126px\" \/><\/a>\n\t\t\t<\/div><\/figure>\n\t\t<\/div>\n\n","protected":false},"excerpt":{"rendered":"<p>Palmira, 02 Oct (SANA) La temporada de cosecha de d\u00e1tiles comenz\u00f3 en el hist\u00f3rico oasis de \u201cHuertos de Palmira\u201d, despu\u00e9s de que los agricultores fueran privados de ello durante m\u00e1s de diez a\u00f1os debido a los actos terroristas en la regi\u00f3n. En un recorrido de SANA por el Oasis, varios agricultores mientras recog\u00edan racimos de &hellip;<\/p>\n","protected":false},"author":39,"featured_media":199518,"comment_status":"closed","ping_status":"closed","sticky":false,"template":"","format":"standard","meta":{"footnotes":""},"categories":[447,597,16686,485,476],"tags":[],"class_list":["post-199505","post","type-post","status-publish","format-standard","has-post-thumbnail","","category-local-politica","category-cinta-de-noticias","category-economia","category-informes-negocios-y-finanzas","category-locales"],"_links":{"self":[{"href":"https:\/\/archive.sana.sy\/es\/index.php?rest_route=\/wp\/v2\/posts\/199505"}],"collection":[{"href":"https:\/\/archive.sana.sy\/es\/index.php?rest_route=\/wp\/v2\/posts"}],"about":[{"href":"https:\/\/archive.sana.sy\/es\/index.php?rest_route=\/wp\/v2\/types\/post"}],"author":[{"embeddable":true,"href":"https:\/\/archive.sana.sy\/es\/index.php?rest_route=\/wp\/v2\/users\/39"}],"replies":[{"embeddable":true,"href":"https:\/\/archive.sana.sy\/es\/index.php?rest_route=%2Fwp%2Fv2%2Fcomments&post=199505"}],"version-history":[{"count":0,"href":"https:\/\/archive.sana.sy\/es\/index.php?rest_route=\/wp\/v2\/posts\/199505\/revisions"}],"wp:featuredmedia":[{"embeddable":true,"href":"https:\/\/archive.sana.sy\/es\/index.php?rest_route=\/wp\/v2\/media\/199518"}],"wp:attachment":[{"href":"https:\/\/archive.sana.sy\/es\/index.php?rest_route=%2Fwp%2Fv2%2Fmedia&parent=199505"}],"wp:term":[{"taxonomy":"category","embeddable":true,"href":"https:\/\/archive.sana.sy\/es\/index.php?rest_route=%2Fwp%2Fv2%2Fcategories&post=199505"},{"taxonomy":"post_tag","embeddable":true,"href":"https:\/\/archive.sana.sy\/es\/index.php?rest_route=%2Fwp%2Fv2%2Ftags&post=199505"}],"curies":[{"name":"wp","href":"https:\/\/api.w.org\/{rel}","templated":true}]}}