{"id":199521,"date":"2021-10-02T16:10:25","date_gmt":"2021-10-02T13:10:25","guid":{"rendered":"http:\/\/107.6.182.27\/es\/?p=199521"},"modified":"2023-01-12T14:40:12","modified_gmt":"2023-01-12T12:40:12","slug":"13-martires-y-cientos-de-heridos-por-ataques-israelies-contra-palestinos-durante-el-mes-pasado","status":"publish","type":"post","link":"https:\/\/archive.sana.sy\/es\/?p=199521","title":{"rendered":"13 m\u00e1rtires y cientos de heridos por ataques israel\u00edes contra palestinos durante el mes pasado"},"content":{"rendered":"<p style=\"text-align: justify;\"><span style=\"color: #800000;\"><strong>Jerusal\u00e9n ocupada, 02 oct (SANA)<\/strong><\/span><\/p>\n<p style=\"text-align: justify;\">13 palestinos cayeron m\u00e1rtires, 214 resultaron heridos y 235 fueron arrestados como resultado de los ataques de las fuerzas de ocupaci\u00f3n israel\u00edes contra los palestinos durante el pasado mes de septiembre.<\/p>\n<p style=\"text-align: justify;\">En su informe mensual sobre las violaciones de la ocupaci\u00f3n contra el pueblo palestino, la Agencia Wafa declar\u00f3 que 12 m\u00e1rtires, entre ellos un ni\u00f1o y una mujer, fueron asesinados por la ocupaci\u00f3n israel\u00ed en las ciudades de Jerusal\u00e9n ocupada, Ramallah, Bel\u00e9n, Jenin y Naplusa en Cisjordania; mientras un palestino perdi\u00f3 la vida por disparos sionistas en las afueras del este de la Franja de Gaza sitiada.<\/p>\n<p style=\"text-align: justify;\">El informe se\u00f1al\u00f3 que 214 palestinos resultaron heridos durante el asalto de las tropas de ocupaci\u00f3n a ciudades y pueblos en Cisjordania, 171 de ellos recibieron disparos y 43 sufrieron contusiones y quemaduras.<\/p>\n<p style=\"text-align: justify;\">El informe indic\u00f3 que las autoridades del ocupante continuaron sus campa\u00f1as de arresto durante el mes pasado, afectando a 235 palestinos, la mayor\u00eda de ellos de Jerusal\u00e9n ocupada, Hebr\u00f3n, Jenin y Al-Bireh, a saber, que tres de ellos son de las afueras orientales de la Franja.<\/p>\n<p style=\"text-align: justify;\">Adem\u00e1s, las autoridades de ocupaci\u00f3n demolieron cuatro casas en Jenin, Jerusal\u00e9n y Bel\u00e9n y tres establecimientos comerciales en Naplusa.<\/p>\n<p style=\"text-align: justify;\">Indic\u00f3 que los colonos llevaron a cabo 49 ataques contra palestinos en ciudades y pueblos de Cisjordania, hiriendo a decenas de personas, incluidos ni\u00f1os, tambi\u00e9n llevaron a cabo 22 incursiones provocadoras en la mezquita de Al-Aqsa, y se\u00f1al\u00f3 que el n\u00famero de colonos que asaltaron la mezquita el mes pasado se estima en 6.660 colonos.<\/p>\n<p style=\"text-align: justify;\">Agreg\u00f3 que las autoridades sionistas confiscaron 4.870 hect\u00e1reas de tierras palestinas en la aldea de Kisan, al este de Bel\u00e9n y arrasaron tres hect\u00e1reas de tierras agr\u00edcolas al sur de Naplusa.<\/p>\n<p style=\"text-align: justify;\">El informe tambi\u00e9n document\u00f3 11 violaciones de la ocupaci\u00f3n contra los palestinos en la Franja de Gaza, incluido el lanzamiento de ataques a\u00e9reos en diferentes localidades de la misma, lo cual provoc\u00f3 da\u00f1os materiales a propiedades palestinas y la destrucci\u00f3n de terrenos agr\u00edcolas.<\/p>\n<p style=\"text-align: justify;\"><span style=\"color: #0000ff;\"><strong>sm\/rsh<\/strong><\/span><\/p>\n","protected":false},"excerpt":{"rendered":"<p>Jerusal\u00e9n ocupada, 02 oct (SANA) 13 palestinos cayeron m\u00e1rtires, 214 resultaron heridos y 235 fueron arrestados como resultado de los ataques de las fuerzas de ocupaci\u00f3n israel\u00edes contra los palestinos durante el pasado mes de septiembre. En su informe mensual sobre las violaciones de la ocupaci\u00f3n contra el pueblo palestino, la Agencia Wafa declar\u00f3 que &hellip;<\/p>\n","protected":false},"author":39,"featured_media":199522,"comment_status":"closed","ping_status":"closed","sticky":false,"template":"","format":"standard","meta":{"footnotes":""},"categories":[597,456,457],"tags":[],"class_list":["post-199521","post","type-post","status-publish","format-standard","has-post-thumbnail","","category-cinta-de-noticias","category-arabe-internacional-politica","category-noticias-arabe-internacional-politica"],"_links":{"self":[{"href":"https:\/\/archive.sana.sy\/es\/index.php?rest_route=\/wp\/v2\/posts\/199521"}],"collection":[{"href":"https:\/\/archive.sana.sy\/es\/index.php?rest_route=\/wp\/v2\/posts"}],"about":[{"href":"https:\/\/archive.sana.sy\/es\/index.php?rest_route=\/wp\/v2\/types\/post"}],"author":[{"embeddable":true,"href":"https:\/\/archive.sana.sy\/es\/index.php?rest_route=\/wp\/v2\/users\/39"}],"replies":[{"embeddable":true,"href":"https:\/\/archive.sana.sy\/es\/index.php?rest_route=%2Fwp%2Fv2%2Fcomments&post=199521"}],"version-history":[{"count":0,"href":"https:\/\/archive.sana.sy\/es\/index.php?rest_route=\/wp\/v2\/posts\/199521\/revisions"}],"wp:featuredmedia":[{"embeddable":true,"href":"https:\/\/archive.sana.sy\/es\/index.php?rest_route=\/wp\/v2\/media\/199522"}],"wp:attachment":[{"href":"https:\/\/archive.sana.sy\/es\/index.php?rest_route=%2Fwp%2Fv2%2Fmedia&parent=199521"}],"wp:term":[{"taxonomy":"category","embeddable":true,"href":"https:\/\/archive.sana.sy\/es\/index.php?rest_route=%2Fwp%2Fv2%2Fcategories&post=199521"},{"taxonomy":"post_tag","embeddable":true,"href":"https:\/\/archive.sana.sy\/es\/index.php?rest_route=%2Fwp%2Fv2%2Ftags&post=199521"}],"curies":[{"name":"wp","href":"https:\/\/api.w.org\/{rel}","templated":true}]}}