{"id":19958,"date":"2015-03-22T13:58:20","date_gmt":"2015-03-22T11:58:20","guid":{"rendered":"http:\/\/www.sana.sy\/es\/?p=19958"},"modified":"2015-03-22T13:59:09","modified_gmt":"2015-03-22T11:59:09","slug":"ministerio-de-salud-lanza-nueva-campana-nacional-de-vacunacion-contra-la-polio","status":"publish","type":"post","link":"https:\/\/archive.sana.sy\/es\/?p=19958","title":{"rendered":"Ministerio de Salud lanza nueva campa\u00f1a nacional de vacunaci\u00f3n contra la polio"},"content":{"rendered":"<p><span style=\"color: #800000\">Damasco, SANA<\/span><\/p>\n<p>El Ministerio de Salud lanz\u00f3 hoy una nueva campa\u00f1a de vacunaci\u00f3n contra la polio,\u00a0 la campa\u00f1a va destinada para los ni\u00f1os menores de cinco a\u00f1os y contin\u00faa hasta el pr\u00f3ximo jueves en todas las provincias.<\/p>\n<p>El ministro de Salud el Dr.Nizar Yazaji afirm\u00f3 en una declaraci\u00f3n\u00a0 que el Ministerio tom\u00f3 todas las medidas necesarias para dar \u00e9xito a la campa\u00f1a, donde distribuy\u00f3\u00a0 3 millones de dosis de vacunas.<\/p>\n<p>Hala B., Riyad Sh.<\/p>\n","protected":false},"excerpt":{"rendered":"<p>Damasco, SANA El Ministerio de Salud lanz\u00f3 hoy una nueva campa\u00f1a de vacunaci\u00f3n contra la polio,\u00a0 la campa\u00f1a va destinada para los ni\u00f1os menores de cinco a\u00f1os y contin\u00faa hasta el pr\u00f3ximo jueves en todas las provincias. El ministro de Salud el Dr.Nizar Yazaji afirm\u00f3 en una declaraci\u00f3n\u00a0 que el Ministerio tom\u00f3 todas las medidas &hellip;<\/p>\n","protected":false},"author":24,"featured_media":19959,"comment_status":"closed","ping_status":"closed","sticky":false,"template":"","format":"standard","meta":{"footnotes":""},"categories":[477,597,476],"tags":[4527],"class_list":["post-19958","post","type-post","status-publish","format-standard","has-post-thumbnail","","category-noticias-edulcorantes","category-cinta-de-noticias","category-locales","tag-ministerio-de-salud-lanza-nueva-campana-nacional-de-vacunacion-contra-la-polio"],"_links":{"self":[{"href":"https:\/\/archive.sana.sy\/es\/index.php?rest_route=\/wp\/v2\/posts\/19958"}],"collection":[{"href":"https:\/\/archive.sana.sy\/es\/index.php?rest_route=\/wp\/v2\/posts"}],"about":[{"href":"https:\/\/archive.sana.sy\/es\/index.php?rest_route=\/wp\/v2\/types\/post"}],"author":[{"embeddable":true,"href":"https:\/\/archive.sana.sy\/es\/index.php?rest_route=\/wp\/v2\/users\/24"}],"replies":[{"embeddable":true,"href":"https:\/\/archive.sana.sy\/es\/index.php?rest_route=%2Fwp%2Fv2%2Fcomments&post=19958"}],"version-history":[{"count":0,"href":"https:\/\/archive.sana.sy\/es\/index.php?rest_route=\/wp\/v2\/posts\/19958\/revisions"}],"wp:featuredmedia":[{"embeddable":true,"href":"https:\/\/archive.sana.sy\/es\/index.php?rest_route=\/wp\/v2\/media\/19959"}],"wp:attachment":[{"href":"https:\/\/archive.sana.sy\/es\/index.php?rest_route=%2Fwp%2Fv2%2Fmedia&parent=19958"}],"wp:term":[{"taxonomy":"category","embeddable":true,"href":"https:\/\/archive.sana.sy\/es\/index.php?rest_route=%2Fwp%2Fv2%2Fcategories&post=19958"},{"taxonomy":"post_tag","embeddable":true,"href":"https:\/\/archive.sana.sy\/es\/index.php?rest_route=%2Fwp%2Fv2%2Ftags&post=19958"}],"curies":[{"name":"wp","href":"https:\/\/api.w.org\/{rel}","templated":true}]}}