{"id":199603,"date":"2021-10-02T20:37:15","date_gmt":"2021-10-02T17:37:15","guid":{"rendered":"http:\/\/107.6.182.27\/es\/?p=199603"},"modified":"2021-10-02T20:37:24","modified_gmt":"2021-10-02T17:37:24","slug":"siria-ofrece-al-mundo-la-nota-musical-mas-antigua-de-la-historia","status":"publish","type":"post","link":"https:\/\/archive.sana.sy\/es\/?p=199603","title":{"rendered":"Siria ofrece al mundo la nota musical m\u00e1s antigua de la historia"},"content":{"rendered":"<p><strong><span style=\"color: #800000;\">Damasco, 2 oct (SANA)<\/span><\/strong><\/p>\n<p style=\"text-align: justify;\">Siria presenta en su pabell\u00f3n en Expo Dub\u00e1i 2020 en los Emiratos \u00c1rabes Unidos, la nota musical m\u00e1s antigua registrada en el mundo titulada (Canto de Adoraci\u00f3n Ugar\u00edtico).<\/p>\n<p style=\"text-align: justify;\">Este canto se remonta a m\u00e1s de 3500 a\u00f1os, grabado en escritura cuneiforme sobre tablillas antiguas de arcilla halladas en Ugarit (Ras Shamra), la ciudad amorrea cananea en la provincia costera siria de Latakia.<\/p>\n<p style=\"text-align: justify;\">Sobre el valor hist\u00f3rico de esta pieza, el arque\u00f3logo y especialista en antig\u00fcedades ugar\u00edticas, Ghassan Al-Qayyim, declar\u00f3 a SANA que es la obra musical integrada m\u00e1s antigua del mundo.<\/p>\n<p style=\"text-align: justify;\">Aclar\u00f3 que fue descubierta sobre una tableta de arcilla que conten\u00eda todas las palabras del Himno de Lingal, la diosa de la agricultura.<\/p>\n<p style=\"text-align: justify;\">Seg\u00fan Al-Qayyim, Ugarit no s\u00f3lo present\u00f3 al mundo la nota musical m\u00e1s antigua, sino que en 1957 fueron halladas 36 tabletas de arcilla que refutan una de las grandes afirmaciones hist\u00f3ricas err\u00f3neas de que el matem\u00e1tico griego Pit\u00e1goras fue quien descubri\u00f3 la m\u00fasica ya que utiliz\u00f3 notas ugar\u00edticas.<\/p>\n<p style=\"text-align: justify;\">Este descubrimiento se lo debemos al cient\u00edfico sirio Raoul Vitale 1928-2003 quien determin\u00f3 los grados de la escala musical despu\u00e9s de presentar una lectura completa de la nota musical descubierta, aclar\u00f3 el arque\u00f3logo.<\/p>\n<p>fm\/rr<\/p>\n<p>&nbsp;<\/p>\n<div id='gallery-1' class='gallery galleryid-199603 gallery-columns-1 gallery-size-full'><figure class='gallery-item'>\n\t\t\t<div class='gallery-icon landscape'>\n\t\t\t\t<a href='https:\/\/archive.sana.sy\/es\/wp-content\/uploads\/2021\/10\/photo_2021-10-02_17-16-32.jpg'><img loading=\"lazy\" decoding=\"async\" width=\"750\" height=\"613\" src=\"https:\/\/archive.sana.sy\/es\/wp-content\/uploads\/2021\/10\/photo_2021-10-02_17-16-32.jpg\" class=\"attachment-full size-full\" alt=\"\" srcset=\"https:\/\/archive.sana.sy\/es\/wp-content\/uploads\/2021\/10\/photo_2021-10-02_17-16-32.jpg 750w, https:\/\/archive.sana.sy\/es\/wp-content\/uploads\/2021\/10\/photo_2021-10-02_17-16-32-300x245.jpg 300w, https:\/\/archive.sana.sy\/es\/wp-content\/uploads\/2021\/10\/photo_2021-10-02_17-16-32-150x123.jpg 150w\" sizes=\"(max-width: 750px) 100vw, 750px\" \/><\/a>\n\t\t\t<\/div><\/figure><figure class='gallery-item'>\n\t\t\t<div class='gallery-icon landscape'>\n\t\t\t\t<a href='https:\/\/archive.sana.sy\/es\/wp-content\/uploads\/2021\/10\/photo_2021-10-02_17-16-33.jpg'><img loading=\"lazy\" decoding=\"async\" width=\"1280\" height=\"853\" src=\"https:\/\/archive.sana.sy\/es\/wp-content\/uploads\/2021\/10\/photo_2021-10-02_17-16-33.jpg\" class=\"attachment-full size-full\" alt=\"\" srcset=\"https:\/\/archive.sana.sy\/es\/wp-content\/uploads\/2021\/10\/photo_2021-10-02_17-16-33.jpg 1280w, https:\/\/archive.sana.sy\/es\/wp-content\/uploads\/2021\/10\/photo_2021-10-02_17-16-33-300x200.jpg 300w, https:\/\/archive.sana.sy\/es\/wp-content\/uploads\/2021\/10\/photo_2021-10-02_17-16-33-1024x682.jpg 1024w, https:\/\/archive.sana.sy\/es\/wp-content\/uploads\/2021\/10\/photo_2021-10-02_17-16-33-150x100.jpg 150w, https:\/\/archive.sana.sy\/es\/wp-content\/uploads\/2021\/10\/photo_2021-10-02_17-16-33-768x512.jpg 768w\" sizes=\"(max-width: 1280px) 100vw, 1280px\" \/><\/a>\n\t\t\t<\/div><\/figure><figure class='gallery-item'>\n\t\t\t<div class='gallery-icon landscape'>\n\t\t\t\t<a href='https:\/\/archive.sana.sy\/es\/wp-content\/uploads\/2021\/10\/photo_2021-10-02_17-16-34-2.jpg'><img loading=\"lazy\" decoding=\"async\" width=\"512\" height=\"256\" src=\"https:\/\/archive.sana.sy\/es\/wp-content\/uploads\/2021\/10\/photo_2021-10-02_17-16-34-2.jpg\" class=\"attachment-full size-full\" alt=\"\" srcset=\"https:\/\/archive.sana.sy\/es\/wp-content\/uploads\/2021\/10\/photo_2021-10-02_17-16-34-2.jpg 512w, https:\/\/archive.sana.sy\/es\/wp-content\/uploads\/2021\/10\/photo_2021-10-02_17-16-34-2-300x150.jpg 300w, https:\/\/archive.sana.sy\/es\/wp-content\/uploads\/2021\/10\/photo_2021-10-02_17-16-34-2-150x75.jpg 150w\" sizes=\"(max-width: 512px) 100vw, 512px\" \/><\/a>\n\t\t\t<\/div><\/figure><figure class='gallery-item'>\n\t\t\t<div class='gallery-icon landscape'>\n\t\t\t\t<a href='https:\/\/archive.sana.sy\/es\/wp-content\/uploads\/2021\/10\/photo_2021-10-02_17-16-34.jpg'><img loading=\"lazy\" decoding=\"async\" width=\"1280\" height=\"960\" src=\"https:\/\/archive.sana.sy\/es\/wp-content\/uploads\/2021\/10\/photo_2021-10-02_17-16-34.jpg\" class=\"attachment-full size-full\" alt=\"\" srcset=\"https:\/\/archive.sana.sy\/es\/wp-content\/uploads\/2021\/10\/photo_2021-10-02_17-16-34.jpg 1280w, https:\/\/archive.sana.sy\/es\/wp-content\/uploads\/2021\/10\/photo_2021-10-02_17-16-34-300x225.jpg 300w, https:\/\/archive.sana.sy\/es\/wp-content\/uploads\/2021\/10\/photo_2021-10-02_17-16-34-1024x768.jpg 1024w, https:\/\/archive.sana.sy\/es\/wp-content\/uploads\/2021\/10\/photo_2021-10-02_17-16-34-150x113.jpg 150w, https:\/\/archive.sana.sy\/es\/wp-content\/uploads\/2021\/10\/photo_2021-10-02_17-16-34-768x576.jpg 768w\" sizes=\"(max-width: 1280px) 100vw, 1280px\" \/><\/a>\n\t\t\t<\/div><\/figure>\n\t\t<\/div>\n\n","protected":false},"excerpt":{"rendered":"<p>Damasco, 2 oct (SANA) Siria presenta en su pabell\u00f3n en Expo Dub\u00e1i 2020 en los Emiratos \u00c1rabes Unidos, la nota musical m\u00e1s antigua registrada en el mundo titulada (Canto de Adoraci\u00f3n Ugar\u00edtico). Este canto se remonta a m\u00e1s de 3500 a\u00f1os, grabado en escritura cuneiforme sobre tablillas antiguas de arcilla halladas en Ugarit (Ras Shamra), &hellip;<\/p>\n","protected":false},"author":31,"featured_media":199604,"comment_status":"closed","ping_status":"closed","sticky":false,"template":"","format":"standard","meta":{"footnotes":""},"categories":[597,510,476,7541],"tags":[],"class_list":["post-199603","post","type-post","status-publish","format-standard","has-post-thumbnail","","category-cinta-de-noticias","category-arte-y-cultura","category-locales","category-ultimas-noticias"],"_links":{"self":[{"href":"https:\/\/archive.sana.sy\/es\/index.php?rest_route=\/wp\/v2\/posts\/199603"}],"collection":[{"href":"https:\/\/archive.sana.sy\/es\/index.php?rest_route=\/wp\/v2\/posts"}],"about":[{"href":"https:\/\/archive.sana.sy\/es\/index.php?rest_route=\/wp\/v2\/types\/post"}],"author":[{"embeddable":true,"href":"https:\/\/archive.sana.sy\/es\/index.php?rest_route=\/wp\/v2\/users\/31"}],"replies":[{"embeddable":true,"href":"https:\/\/archive.sana.sy\/es\/index.php?rest_route=%2Fwp%2Fv2%2Fcomments&post=199603"}],"version-history":[{"count":0,"href":"https:\/\/archive.sana.sy\/es\/index.php?rest_route=\/wp\/v2\/posts\/199603\/revisions"}],"wp:featuredmedia":[{"embeddable":true,"href":"https:\/\/archive.sana.sy\/es\/index.php?rest_route=\/wp\/v2\/media\/199604"}],"wp:attachment":[{"href":"https:\/\/archive.sana.sy\/es\/index.php?rest_route=%2Fwp%2Fv2%2Fmedia&parent=199603"}],"wp:term":[{"taxonomy":"category","embeddable":true,"href":"https:\/\/archive.sana.sy\/es\/index.php?rest_route=%2Fwp%2Fv2%2Fcategories&post=199603"},{"taxonomy":"post_tag","embeddable":true,"href":"https:\/\/archive.sana.sy\/es\/index.php?rest_route=%2Fwp%2Fv2%2Ftags&post=199603"}],"curies":[{"name":"wp","href":"https:\/\/api.w.org\/{rel}","templated":true}]}}