{"id":199613,"date":"2021-10-02T18:30:08","date_gmt":"2021-10-02T15:30:08","guid":{"rendered":"http:\/\/107.6.182.27\/es\/?p=199613"},"modified":"2021-10-02T21:47:40","modified_gmt":"2021-10-02T18:47:40","slug":"campana-de-concienciacion-en-siria-sobre-importancia-de-deteccion-precoz-del-cancer-de-mama","status":"publish","type":"post","link":"https:\/\/archive.sana.sy\/es\/?p=199613","title":{"rendered":"Campa\u00f1a de concientizaci\u00f3n en Siria sobre importancia de detecci\u00f3n precoz del c\u00e1ncer de mama"},"content":{"rendered":"<p><span style=\"color: #800000;\">Damasco, 02 Oct (SANA)<\/span><\/p>\n<p style=\"text-align: justify;\">El Ministerio de Salud lanz\u00f3 este mes de octubre una campa\u00f1a de concientizaci\u00f3n sobre importancia de detecci\u00f3n precoz del c\u00e1ncer de mama, inform\u00f3 la jefa del Departamento de Salud Reproductiva del Ministerio, Alaa Ereksousi.<\/p>\n<p style=\"text-align: justify;\">Indic\u00f3 que la campa\u00f1a tiene como objetivo llamar la atenci\u00f3n sobre la importancia de la detecci\u00f3n precoz para reducir la mortalidad.<\/p>\n<p style=\"text-align: justify;\">\u201cLa campa\u00f1a incluye actividades educativas y seminarios acerca los m\u00e9todos de autoexamen y los factores de riesgo, adem\u00e1s de varias actividades que ponen de relieve las \u00faltimas novedades de tumores de mama y la terapia\u201d, se\u00f1al\u00f3.<\/p>\n<p style=\"text-align: justify;\">Detall\u00f3 que esta jornada abarca las mujeres mayores de 35 a\u00f1os para que realicen un examen cl\u00ednico y una ecograf\u00eda, mientras las mayores de 45 a\u00f1os hacen una mamograf\u00eda.<\/p>\n<p style=\"text-align: justify;\">La directiva agreg\u00f3 que el Ministerio contin\u00faa brindando servicios de detecci\u00f3n precoz del c\u00e1ncer de mama gratuitamente durante todo el a\u00f1o en sus 960 centros de salud.<\/p>\n<p style=\"text-align: justify;\">Durante el \u201cmes rosa\u201d de 2019, m\u00e1s de 428 mil mujeres se beneficiaron de la campa\u00f1a del Ministerio de Salud, en comparaci\u00f3n con 411 mil en 2018.<\/p>\n<p style=\"text-align: justify;\">El c\u00e1ncer de mama es uno de los c\u00e1nceres m\u00e1s prevalentes entre las mujeres en el mundo, ya que afecta a una de cada ocho mujeres y se registran dos millones de casos nuevos al a\u00f1o.<\/p>\n<p>rr\/fm<\/p>\n","protected":false},"excerpt":{"rendered":"<p>Damasco, 02 Oct (SANA) El Ministerio de Salud lanz\u00f3 este mes de octubre una campa\u00f1a de concientizaci\u00f3n sobre importancia de detecci\u00f3n precoz del c\u00e1ncer de mama, inform\u00f3 la jefa del Departamento de Salud Reproductiva del Ministerio, Alaa Ereksousi. Indic\u00f3 que la campa\u00f1a tiene como objetivo llamar la atenci\u00f3n sobre la importancia de la detecci\u00f3n precoz &hellip;<\/p>\n","protected":false},"author":31,"featured_media":199616,"comment_status":"closed","ping_status":"closed","sticky":false,"template":"","format":"standard","meta":{"footnotes":""},"categories":[597,476,7541],"tags":[],"class_list":["post-199613","post","type-post","status-publish","format-standard","has-post-thumbnail","","category-cinta-de-noticias","category-locales","category-ultimas-noticias"],"_links":{"self":[{"href":"https:\/\/archive.sana.sy\/es\/index.php?rest_route=\/wp\/v2\/posts\/199613"}],"collection":[{"href":"https:\/\/archive.sana.sy\/es\/index.php?rest_route=\/wp\/v2\/posts"}],"about":[{"href":"https:\/\/archive.sana.sy\/es\/index.php?rest_route=\/wp\/v2\/types\/post"}],"author":[{"embeddable":true,"href":"https:\/\/archive.sana.sy\/es\/index.php?rest_route=\/wp\/v2\/users\/31"}],"replies":[{"embeddable":true,"href":"https:\/\/archive.sana.sy\/es\/index.php?rest_route=%2Fwp%2Fv2%2Fcomments&post=199613"}],"version-history":[{"count":0,"href":"https:\/\/archive.sana.sy\/es\/index.php?rest_route=\/wp\/v2\/posts\/199613\/revisions"}],"wp:featuredmedia":[{"embeddable":true,"href":"https:\/\/archive.sana.sy\/es\/index.php?rest_route=\/wp\/v2\/media\/199616"}],"wp:attachment":[{"href":"https:\/\/archive.sana.sy\/es\/index.php?rest_route=%2Fwp%2Fv2%2Fmedia&parent=199613"}],"wp:term":[{"taxonomy":"category","embeddable":true,"href":"https:\/\/archive.sana.sy\/es\/index.php?rest_route=%2Fwp%2Fv2%2Fcategories&post=199613"},{"taxonomy":"post_tag","embeddable":true,"href":"https:\/\/archive.sana.sy\/es\/index.php?rest_route=%2Fwp%2Fv2%2Ftags&post=199613"}],"curies":[{"name":"wp","href":"https:\/\/api.w.org\/{rel}","templated":true}]}}