{"id":199619,"date":"2021-10-02T12:01:28","date_gmt":"2021-10-02T09:01:28","guid":{"rendered":"http:\/\/107.6.182.27\/es\/?p=199619"},"modified":"2023-01-12T14:40:12","modified_gmt":"2023-01-12T12:40:12","slug":"una-manifestacion-palestina-masiva-en-los-territorios-ocupados-en-1948","status":"publish","type":"post","link":"https:\/\/archive.sana.sy\/es\/?p=199619","title":{"rendered":"Una manifestaci\u00f3n palestina masiva en los territorios ocupados en 1948"},"content":{"rendered":"<p><span style=\"color: #800000;\">Jerusal\u00e9n ocupada, 02 oct (SANA) <\/span><\/p>\n<p style=\"text-align: justify;\">Cientos de palestinos en la ciudad de Sakhnin en los territorios palestinos ocupados en 1948, participaron en una manifestaci\u00f3n para conmemorar el levantamiento palestino en apoyo a la mezquita al-Aqsa que caus\u00f3 en este entonces el martirio de 13 palestinos.<\/p>\n<p style=\"text-align: justify;\">El corresponsal de SANA explic\u00f3 que los participantes en la manifestaci\u00f3n izaron banderas palestinas y fotograf\u00edas de los m\u00e1rtires y corearon consignas que condenan la ocupaci\u00f3n sionista y sus pr\u00e1cticas contra los palestinos.<\/p>\n<p style=\"text-align: justify;\">Reafirmaron sus ra\u00edces en su tierra natal, Palestina, y su apego a su suelo y que Palestina fue y seguir\u00e1 siendo una desde su mar hasta su r\u00edo.<\/p>\n<p style=\"text-align: justify;\">Las familias de los m\u00e1rtires y varias figuras nacionales palestinas depositaron ofrendas florales sobre las tumbas de los m\u00e1rtires.<\/p>\n<p style=\"text-align: justify;\">El levantamiento en apoyo a la mezquita al-Aqsa ocurri\u00f3 hace 21 a\u00f1os en los territorios palestinos ocupados en 1948, tras la visita provocativa del criminal de guerra israel\u00ed Ariel Sharon a este lugar sagrado protegido por 2000 efectivos de las fuerzas de ocupaci\u00f3n.<\/p>\n<p>fm\/rr<\/p>\n<p>&nbsp;<\/p>\n<div id='gallery-1' class='gallery galleryid-199619 gallery-columns-1 gallery-size-full'><figure class='gallery-item'>\n\t\t\t<div class='gallery-icon landscape'>\n\t\t\t\t<a href='https:\/\/archive.sana.sy\/es\/wp-content\/uploads\/2021\/10\/4-21.jpg'><img loading=\"lazy\" decoding=\"async\" width=\"660\" height=\"371\" src=\"https:\/\/archive.sana.sy\/es\/wp-content\/uploads\/2021\/10\/4-21.jpg\" class=\"attachment-full size-full\" alt=\"\" srcset=\"https:\/\/archive.sana.sy\/es\/wp-content\/uploads\/2021\/10\/4-21.jpg 660w, https:\/\/archive.sana.sy\/es\/wp-content\/uploads\/2021\/10\/4-21-300x169.jpg 300w, https:\/\/archive.sana.sy\/es\/wp-content\/uploads\/2021\/10\/4-21-150x84.jpg 150w\" sizes=\"(max-width: 660px) 100vw, 660px\" \/><\/a>\n\t\t\t<\/div><\/figure><figure class='gallery-item'>\n\t\t\t<div class='gallery-icon landscape'>\n\t\t\t\t<a href='https:\/\/archive.sana.sy\/es\/wp-content\/uploads\/2021\/10\/6-12.jpg'><img loading=\"lazy\" decoding=\"async\" width=\"1280\" height=\"720\" src=\"https:\/\/archive.sana.sy\/es\/wp-content\/uploads\/2021\/10\/6-12.jpg\" class=\"attachment-full size-full\" alt=\"\" srcset=\"https:\/\/archive.sana.sy\/es\/wp-content\/uploads\/2021\/10\/6-12.jpg 1280w, https:\/\/archive.sana.sy\/es\/wp-content\/uploads\/2021\/10\/6-12-300x169.jpg 300w, https:\/\/archive.sana.sy\/es\/wp-content\/uploads\/2021\/10\/6-12-1024x576.jpg 1024w, https:\/\/archive.sana.sy\/es\/wp-content\/uploads\/2021\/10\/6-12-150x84.jpg 150w, https:\/\/archive.sana.sy\/es\/wp-content\/uploads\/2021\/10\/6-12-768x432.jpg 768w\" sizes=\"(max-width: 1280px) 100vw, 1280px\" \/><\/a>\n\t\t\t<\/div><\/figure>\n\t\t<\/div>\n\n","protected":false},"excerpt":{"rendered":"<p>Jerusal\u00e9n ocupada, 02 oct (SANA) Cientos de palestinos en la ciudad de Sakhnin en los territorios palestinos ocupados en 1948, participaron en una manifestaci\u00f3n para conmemorar el levantamiento palestino en apoyo a la mezquita al-Aqsa que caus\u00f3 en este entonces el martirio de 13 palestinos. El corresponsal de SANA explic\u00f3 que los participantes en la &hellip;<\/p>\n","protected":false},"author":31,"featured_media":199621,"comment_status":"closed","ping_status":"closed","sticky":false,"template":"","format":"standard","meta":{"footnotes":""},"categories":[597,456,7541],"tags":[],"class_list":["post-199619","post","type-post","status-publish","format-standard","has-post-thumbnail","","category-cinta-de-noticias","category-arabe-internacional-politica","category-ultimas-noticias"],"_links":{"self":[{"href":"https:\/\/archive.sana.sy\/es\/index.php?rest_route=\/wp\/v2\/posts\/199619"}],"collection":[{"href":"https:\/\/archive.sana.sy\/es\/index.php?rest_route=\/wp\/v2\/posts"}],"about":[{"href":"https:\/\/archive.sana.sy\/es\/index.php?rest_route=\/wp\/v2\/types\/post"}],"author":[{"embeddable":true,"href":"https:\/\/archive.sana.sy\/es\/index.php?rest_route=\/wp\/v2\/users\/31"}],"replies":[{"embeddable":true,"href":"https:\/\/archive.sana.sy\/es\/index.php?rest_route=%2Fwp%2Fv2%2Fcomments&post=199619"}],"version-history":[{"count":0,"href":"https:\/\/archive.sana.sy\/es\/index.php?rest_route=\/wp\/v2\/posts\/199619\/revisions"}],"wp:featuredmedia":[{"embeddable":true,"href":"https:\/\/archive.sana.sy\/es\/index.php?rest_route=\/wp\/v2\/media\/199621"}],"wp:attachment":[{"href":"https:\/\/archive.sana.sy\/es\/index.php?rest_route=%2Fwp%2Fv2%2Fmedia&parent=199619"}],"wp:term":[{"taxonomy":"category","embeddable":true,"href":"https:\/\/archive.sana.sy\/es\/index.php?rest_route=%2Fwp%2Fv2%2Fcategories&post=199619"},{"taxonomy":"post_tag","embeddable":true,"href":"https:\/\/archive.sana.sy\/es\/index.php?rest_route=%2Fwp%2Fv2%2Ftags&post=199619"}],"curies":[{"name":"wp","href":"https:\/\/api.w.org\/{rel}","templated":true}]}}