{"id":199696,"date":"2021-10-03T16:20:47","date_gmt":"2021-10-03T13:20:47","guid":{"rendered":"http:\/\/107.6.182.27\/es\/?p=199696"},"modified":"2023-01-10T14:25:46","modified_gmt":"2023-01-10T12:25:46","slug":"presidente-al-assad-y-el-rey-abdullah-conversan-relaciones-de-cooperacion-bilateral","status":"publish","type":"post","link":"https:\/\/archive.sana.sy\/es\/?p=199696","title":{"rendered":"Presidente al-Assad y el rey Abdullah conversan sobre relaciones de cooperaci\u00f3n bilateral"},"content":{"rendered":"<p style=\"text-align: justify;\"><strong><span style=\"color: #800000;\">Damasco, SANA<\/span><\/strong><\/p>\n<p style=\"text-align: justify;\">El presidente Bashar al-Assad sostuvo hoy una conversaci\u00f3n telef\u00f3nica con el rey Abdullah II de Jordania, sobre relaciones bilaterales y el fortalecimiento de la cooperaci\u00f3n conjunta en beneficio de los dos pa\u00edses y pueblos hermanos.<\/p>\n<p style=\"text-align: justify;\"><strong><span style=\"color: #0000ff;\">fm\/ed<\/span><\/strong><\/p>\n","protected":false},"excerpt":{"rendered":"<p>Damasco, SANA El presidente Bashar al-Assad sostuvo hoy una conversaci\u00f3n telef\u00f3nica con el rey Abdullah II de Jordania, sobre relaciones bilaterales y el fortalecimiento de la cooperaci\u00f3n conjunta en beneficio de los dos pa\u00edses y pueblos hermanos. fm\/ed<\/p>\n","protected":false},"author":32,"featured_media":199697,"comment_status":"closed","ping_status":"closed","sticky":false,"template":"","format":"standard","meta":{"footnotes":""},"categories":[477,447,597,457,16237,583],"tags":[19564],"class_list":["post-199696","post","type-post","status-publish","format-standard","has-post-thumbnail","","category-noticias-edulcorantes","category-local-politica","category-cinta-de-noticias","category-noticias-arabe-internacional-politica","category-presidence-de-la-republique-arabe-syria","category-slide","tag-presidente-al-assad-y-el-rey-abdullah-conversan-sobre-relaciones-de-cooperacion-bilateral"],"_links":{"self":[{"href":"https:\/\/archive.sana.sy\/es\/index.php?rest_route=\/wp\/v2\/posts\/199696"}],"collection":[{"href":"https:\/\/archive.sana.sy\/es\/index.php?rest_route=\/wp\/v2\/posts"}],"about":[{"href":"https:\/\/archive.sana.sy\/es\/index.php?rest_route=\/wp\/v2\/types\/post"}],"author":[{"embeddable":true,"href":"https:\/\/archive.sana.sy\/es\/index.php?rest_route=\/wp\/v2\/users\/32"}],"replies":[{"embeddable":true,"href":"https:\/\/archive.sana.sy\/es\/index.php?rest_route=%2Fwp%2Fv2%2Fcomments&post=199696"}],"version-history":[{"count":0,"href":"https:\/\/archive.sana.sy\/es\/index.php?rest_route=\/wp\/v2\/posts\/199696\/revisions"}],"wp:featuredmedia":[{"embeddable":true,"href":"https:\/\/archive.sana.sy\/es\/index.php?rest_route=\/wp\/v2\/media\/199697"}],"wp:attachment":[{"href":"https:\/\/archive.sana.sy\/es\/index.php?rest_route=%2Fwp%2Fv2%2Fmedia&parent=199696"}],"wp:term":[{"taxonomy":"category","embeddable":true,"href":"https:\/\/archive.sana.sy\/es\/index.php?rest_route=%2Fwp%2Fv2%2Fcategories&post=199696"},{"taxonomy":"post_tag","embeddable":true,"href":"https:\/\/archive.sana.sy\/es\/index.php?rest_route=%2Fwp%2Fv2%2Ftags&post=199696"}],"curies":[{"name":"wp","href":"https:\/\/api.w.org\/{rel}","templated":true}]}}