{"id":199703,"date":"2021-10-03T17:48:48","date_gmt":"2021-10-03T14:48:48","guid":{"rendered":"http:\/\/107.6.182.27\/es\/?p=199703"},"modified":"2023-01-12T14:40:12","modified_gmt":"2023-01-12T12:40:12","slug":"cancilleria-palestina-insta-a-anadir-las-bandas-de-colonos-israelies-a-las-listas-de-terrorismo","status":"publish","type":"post","link":"https:\/\/archive.sana.sy\/es\/?p=199703","title":{"rendered":"Canciller\u00eda palestina insta a a\u00f1adir las bandas de colonos israel\u00edes a las listas de terrorismo"},"content":{"rendered":"<p style=\"text-align: justify;\"><span style=\"color: #800000;\"><strong>Jerusal\u00e9n ocupada, 04 Oct (SANA)\u00a0 \u00a0 <\/strong><\/span>El Ministerio de Exteriores de Palestina renov\u00f3 su llamamiento a la comunidad internacional para que incluyera a las bandas de colonos israel\u00edes en las listas de terrorismo.<\/p>\n<p style=\"text-align: justify;\">La canciller\u00eda palestina conden\u00f3 hoy en un comunicado los ataques y cr\u00edmenes contra los palestinos, sus tierras y propiedades en Cisjordania, el m\u00e1s reciente de los cuales fue la tala de docenas de olivos en la ciudad de Burin, al sur de Nablus, junto con el inicio de la temporada de cosecha de aceitunas en un intento de sabotearla, como sucede anualmente, adem\u00e1s de asaltar la localidad de Bayarat Saoud al este de Tubas y tratar de establecer un nuevo asentamiento all\u00ed.<\/p>\n<p style=\"text-align: justify;\">\u201cLos ataques se produjeron pocos d\u00edas despu\u00e9s de que los colonos llevaran a cabo un sangriento ataque con cuchillos y objetos afilados contra palestinos en la ciudad de Mesafer Yatta, al sur de Hebr\u00f3n, que dej\u00f3 a varios palestino gravemente heridos\u201d, agreg\u00f3 la canciller\u00eda.<\/p>\n<p style=\"text-align: justify;\">Asimismo, inst\u00f3 al Consejo de Seguridad de la ONU que tome las medidas necesarias como estipula el derecho internacional para implementar las resoluciones de la ONU sobre la causa palestina, en particular la Resoluci\u00f3n 2334 de 2016, que llama a poner fin a la colonizaci\u00f3n.<\/p>\n<p style=\"text-align: justify;\">En un contexto relacionado, decenas de colonos israel\u00edes renovaron su incursi\u00f3n en la sagrada mezquita de Al-Aqsa.<\/p>\n<p style=\"text-align: justify;\">La agencia palestina de noticias WAFA inform\u00f3 que 47 colonos irrumpieron en al-Aqsa desde la Puerta de Maghariba y realizaron recorridos provocativos por sus patios bajo una fuerte custodia de las fuerzas de ocupaci\u00f3n.<\/p>\n<p style=\"text-align: justify;\">A diario, los colonos israel\u00edes llevan a cabo incursiones provocativas en la sagrada Mezquita Al-Aqsa en un intento de imponer un hecho consumado de judaizaci\u00f3n y dominio.<\/p>\n<p style=\"text-align: justify;\"><strong>ah\/rsh<\/strong><\/p>\n","protected":false},"excerpt":{"rendered":"<p>Jerusal\u00e9n ocupada, 04 Oct (SANA)\u00a0 \u00a0 El Ministerio de Exteriores de Palestina renov\u00f3 su llamamiento a la comunidad internacional para que incluyera a las bandas de colonos israel\u00edes en las listas de terrorismo. La canciller\u00eda palestina conden\u00f3 hoy en un comunicado los ataques y cr\u00edmenes contra los palestinos, sus tierras y propiedades en Cisjordania, el &hellip;<\/p>\n","protected":false},"author":30,"featured_media":199704,"comment_status":"closed","ping_status":"closed","sticky":false,"template":"","format":"standard","meta":{"footnotes":""},"categories":[597,456],"tags":[19566],"class_list":["post-199703","post","type-post","status-publish","format-standard","has-post-thumbnail","","category-cinta-de-noticias","category-arabe-internacional-politica","tag-cancilleria-palestina-insta-a-anadir-las-bandas-de-colonos-israelies-a-las-listas-de-terrorismo"],"_links":{"self":[{"href":"https:\/\/archive.sana.sy\/es\/index.php?rest_route=\/wp\/v2\/posts\/199703"}],"collection":[{"href":"https:\/\/archive.sana.sy\/es\/index.php?rest_route=\/wp\/v2\/posts"}],"about":[{"href":"https:\/\/archive.sana.sy\/es\/index.php?rest_route=\/wp\/v2\/types\/post"}],"author":[{"embeddable":true,"href":"https:\/\/archive.sana.sy\/es\/index.php?rest_route=\/wp\/v2\/users\/30"}],"replies":[{"embeddable":true,"href":"https:\/\/archive.sana.sy\/es\/index.php?rest_route=%2Fwp%2Fv2%2Fcomments&post=199703"}],"version-history":[{"count":0,"href":"https:\/\/archive.sana.sy\/es\/index.php?rest_route=\/wp\/v2\/posts\/199703\/revisions"}],"wp:featuredmedia":[{"embeddable":true,"href":"https:\/\/archive.sana.sy\/es\/index.php?rest_route=\/wp\/v2\/media\/199704"}],"wp:attachment":[{"href":"https:\/\/archive.sana.sy\/es\/index.php?rest_route=%2Fwp%2Fv2%2Fmedia&parent=199703"}],"wp:term":[{"taxonomy":"category","embeddable":true,"href":"https:\/\/archive.sana.sy\/es\/index.php?rest_route=%2Fwp%2Fv2%2Fcategories&post=199703"},{"taxonomy":"post_tag","embeddable":true,"href":"https:\/\/archive.sana.sy\/es\/index.php?rest_route=%2Fwp%2Fv2%2Ftags&post=199703"}],"curies":[{"name":"wp","href":"https:\/\/api.w.org\/{rel}","templated":true}]}}