{"id":199717,"date":"2021-10-03T19:52:23","date_gmt":"2021-10-03T16:52:23","guid":{"rendered":"http:\/\/107.6.182.27\/es\/?p=199717"},"modified":"2021-10-03T19:56:08","modified_gmt":"2021-10-03T16:56:08","slug":"siria-es-un-pais-de-historia-y-lugares-santos-afirma-el-presidente-de-la-conferencia-episcopal-austriaca-fotos","status":"publish","type":"post","link":"https:\/\/archive.sana.sy\/es\/?p=199717","title":{"rendered":"Siria es un pa\u00eds de historia y lugares santos, afirma el presidente de la Conferencia Episcopal Austriaca (+fotos)"},"content":{"rendered":"<p style=\"text-align: justify;\"><span style=\"color: #800000;\"><strong>Homs, 03 Oct (SANA)\u00a0 \u00a0\u00a0<\/strong><\/span>La Iglesia del Sagrado Cintur\u00f3n de Santa Mar\u00eda en la provincia central de Homs acogi\u00f3 hoy una oraci\u00f3n por la paz en Siria, presidida por el obispo Mar Timothy Matta El Khoury, arzobispo de Homs, Hama y Tartus para la iglesia sir\u00edaco-ortodoxa.<\/p>\n<p style=\"text-align: justify;\">La plegaria se llev\u00f3 a cabo en presencia del Presidente de la Conferencia Episcopal Austriaca, Ordinario para los fieles de rito bizantino en Austria, y miembro de la Congregaci\u00f3n cardenalicia en el Vaticano, el cardenal Christoph Sch\u00f6nborn.<\/p>\n<p style=\"text-align: justify;\">Despu\u00e9s de la oraci\u00f3n, el cardenal Sch\u00f6nborn dijo en un comunicado de prensa que Siria es un pa\u00eds de preciosa historia y lugares santos, diciendo: &#8220;Siempre he o\u00eddo hablar de la guerra y las tragedias que tuvieron lugar en Homs y las p\u00e9rdidas sufridas por su pueblo, as\u00ed que decid\u00ed visitarla y escuchar a las personas que sufrieron y consolarlas\u201d.<\/p>\n<p style=\"text-align: justify;\">El obispo Georgios Abu Zagham, obispo de Homs y sus afueras de la iglesia ortodoxa-griega, se\u00f1al\u00f3 en una declaraci\u00f3n a SANA que la visita del cardenal Sch\u00f6nborn a Siria es importante para ver de primera mano la realidad all\u00ed.<\/p>\n<p style=\"text-align: justify;\">&#8220;Los sirios esperan que el cardenal Sch\u00f6nborn lleve una carta al Vaticano para pedir el levantamiento de las medidas econ\u00f3micas coercitivas unilaterales impuestas al pueblo sirio&#8221;, agreg\u00f3 Abu Zagham.<\/p>\n<p style=\"text-align: justify;\">Asimismo, enfatiz\u00f3 que los sirios est\u00e1n comprometidos con su tierra y pueden reparar lo que ha sido destruido por la guerra.<br \/>\nEn una declaraci\u00f3n similar, el padre Zuhri Khazal, pastor de la Iglesia del Sagrado Cintur\u00f3n de Santa Mar\u00eda, resalt\u00f3 la visita dirige un mensaje al exterior de que Siria es capaz de levantarse de nuevo.<\/p>\n<p style=\"text-align: justify;\">La visita del cardenal incluy\u00f3 un recorrido por el Casco Antiguo de Homs, donde se reuni\u00f3 con varios residentes, y visit\u00f3 iglesias y casas destruidas, y la tumba del padre Frans van der Lugt en el Monasterio de los Padres Jesuitas en el barrio de Bustan al-Diwan.<\/p>\n<p style=\"text-align: justify;\">Adem\u00e1s, el Cardenal Schoenborn particip\u00f3 en una misa divina celebrada en el Monasterio Sir\u00edaco de San Avram en Sednaya, en presencia de Su Santidad, Mar Ignacio Aphrem II, el patriarca de Antioquia y todo Oriente, y m\u00e1ximo representante de la Iglesia Ortodoxa en el mundo, El Patriarca greco-cat\u00f3lico melquita de Antioqu\u00eda y todo el Oriente, Youssef al-Absi y el nuncio en Siria Mario Zinari.<\/p>\n<p style=\"text-align: justify;\"><strong>ah\/rsh<\/strong><\/p>\n<div id='gallery-1' class='gallery galleryid-199717 gallery-columns-1 gallery-size-full'><figure class='gallery-item'>\n\t\t\t<div class='gallery-icon landscape'>\n\t\t\t\t<a href='https:\/\/archive.sana.sy\/es\/wp-content\/uploads\/2021\/10\/DSC_1252-scaled.jpg'><img loading=\"lazy\" decoding=\"async\" width=\"2560\" height=\"1707\" src=\"https:\/\/archive.sana.sy\/es\/wp-content\/uploads\/2021\/10\/DSC_1252-scaled.jpg\" class=\"attachment-full size-full\" alt=\"\" srcset=\"https:\/\/archive.sana.sy\/es\/wp-content\/uploads\/2021\/10\/DSC_1252-scaled.jpg 2560w, https:\/\/archive.sana.sy\/es\/wp-content\/uploads\/2021\/10\/DSC_1252-300x200.jpg 300w, https:\/\/archive.sana.sy\/es\/wp-content\/uploads\/2021\/10\/DSC_1252-1024x683.jpg 1024w, https:\/\/archive.sana.sy\/es\/wp-content\/uploads\/2021\/10\/DSC_1252-150x100.jpg 150w, https:\/\/archive.sana.sy\/es\/wp-content\/uploads\/2021\/10\/DSC_1252-768x512.jpg 768w, https:\/\/archive.sana.sy\/es\/wp-content\/uploads\/2021\/10\/DSC_1252-1536x1024.jpg 1536w, https:\/\/archive.sana.sy\/es\/wp-content\/uploads\/2021\/10\/DSC_1252-2048x1365.jpg 2048w\" sizes=\"(max-width: 2560px) 100vw, 2560px\" \/><\/a>\n\t\t\t<\/div><\/figure><figure class='gallery-item'>\n\t\t\t<div class='gallery-icon landscape'>\n\t\t\t\t<a href='https:\/\/archive.sana.sy\/es\/wp-content\/uploads\/2021\/10\/DSC_1258-scaled.jpg'><img loading=\"lazy\" decoding=\"async\" width=\"2560\" height=\"1707\" src=\"https:\/\/archive.sana.sy\/es\/wp-content\/uploads\/2021\/10\/DSC_1258-scaled.jpg\" class=\"attachment-full size-full\" alt=\"\" srcset=\"https:\/\/archive.sana.sy\/es\/wp-content\/uploads\/2021\/10\/DSC_1258-scaled.jpg 2560w, https:\/\/archive.sana.sy\/es\/wp-content\/uploads\/2021\/10\/DSC_1258-300x200.jpg 300w, https:\/\/archive.sana.sy\/es\/wp-content\/uploads\/2021\/10\/DSC_1258-1024x683.jpg 1024w, https:\/\/archive.sana.sy\/es\/wp-content\/uploads\/2021\/10\/DSC_1258-150x100.jpg 150w, https:\/\/archive.sana.sy\/es\/wp-content\/uploads\/2021\/10\/DSC_1258-768x512.jpg 768w, https:\/\/archive.sana.sy\/es\/wp-content\/uploads\/2021\/10\/DSC_1258-1536x1024.jpg 1536w, https:\/\/archive.sana.sy\/es\/wp-content\/uploads\/2021\/10\/DSC_1258-2048x1365.jpg 2048w\" sizes=\"(max-width: 2560px) 100vw, 2560px\" \/><\/a>\n\t\t\t<\/div><\/figure><figure class='gallery-item'>\n\t\t\t<div class='gallery-icon landscape'>\n\t\t\t\t<a href='https:\/\/archive.sana.sy\/es\/wp-content\/uploads\/2021\/10\/DSC_1278-scaled.jpg'><img loading=\"lazy\" decoding=\"async\" width=\"2560\" height=\"1783\" src=\"https:\/\/archive.sana.sy\/es\/wp-content\/uploads\/2021\/10\/DSC_1278-scaled.jpg\" class=\"attachment-full size-full\" alt=\"\" srcset=\"https:\/\/archive.sana.sy\/es\/wp-content\/uploads\/2021\/10\/DSC_1278-scaled.jpg 2560w, https:\/\/archive.sana.sy\/es\/wp-content\/uploads\/2021\/10\/DSC_1278-300x209.jpg 300w, https:\/\/archive.sana.sy\/es\/wp-content\/uploads\/2021\/10\/DSC_1278-1024x713.jpg 1024w, https:\/\/archive.sana.sy\/es\/wp-content\/uploads\/2021\/10\/DSC_1278-150x104.jpg 150w, https:\/\/archive.sana.sy\/es\/wp-content\/uploads\/2021\/10\/DSC_1278-768x535.jpg 768w, https:\/\/archive.sana.sy\/es\/wp-content\/uploads\/2021\/10\/DSC_1278-1536x1070.jpg 1536w, https:\/\/archive.sana.sy\/es\/wp-content\/uploads\/2021\/10\/DSC_1278-2048x1427.jpg 2048w\" sizes=\"(max-width: 2560px) 100vw, 2560px\" \/><\/a>\n\t\t\t<\/div><\/figure><figure class='gallery-item'>\n\t\t\t<div class='gallery-icon landscape'>\n\t\t\t\t<a href='https:\/\/archive.sana.sy\/es\/wp-content\/uploads\/2021\/10\/DSC_1303-scaled.jpg'><img loading=\"lazy\" decoding=\"async\" width=\"2560\" height=\"1707\" src=\"https:\/\/archive.sana.sy\/es\/wp-content\/uploads\/2021\/10\/DSC_1303-scaled.jpg\" class=\"attachment-full size-full\" alt=\"\" srcset=\"https:\/\/archive.sana.sy\/es\/wp-content\/uploads\/2021\/10\/DSC_1303-scaled.jpg 2560w, https:\/\/archive.sana.sy\/es\/wp-content\/uploads\/2021\/10\/DSC_1303-300x200.jpg 300w, https:\/\/archive.sana.sy\/es\/wp-content\/uploads\/2021\/10\/DSC_1303-1024x683.jpg 1024w, https:\/\/archive.sana.sy\/es\/wp-content\/uploads\/2021\/10\/DSC_1303-150x100.jpg 150w, https:\/\/archive.sana.sy\/es\/wp-content\/uploads\/2021\/10\/DSC_1303-768x512.jpg 768w, https:\/\/archive.sana.sy\/es\/wp-content\/uploads\/2021\/10\/DSC_1303-1536x1024.jpg 1536w, https:\/\/archive.sana.sy\/es\/wp-content\/uploads\/2021\/10\/DSC_1303-2048x1365.jpg 2048w\" sizes=\"(max-width: 2560px) 100vw, 2560px\" \/><\/a>\n\t\t\t<\/div><\/figure><figure class='gallery-item'>\n\t\t\t<div class='gallery-icon landscape'>\n\t\t\t\t<a href='https:\/\/archive.sana.sy\/es\/wp-content\/uploads\/2021\/10\/DSC_1358-scaled.jpg'><img loading=\"lazy\" decoding=\"async\" width=\"2560\" height=\"1707\" src=\"https:\/\/archive.sana.sy\/es\/wp-content\/uploads\/2021\/10\/DSC_1358-scaled.jpg\" class=\"attachment-full size-full\" alt=\"\" srcset=\"https:\/\/archive.sana.sy\/es\/wp-content\/uploads\/2021\/10\/DSC_1358-scaled.jpg 2560w, https:\/\/archive.sana.sy\/es\/wp-content\/uploads\/2021\/10\/DSC_1358-300x200.jpg 300w, https:\/\/archive.sana.sy\/es\/wp-content\/uploads\/2021\/10\/DSC_1358-1024x683.jpg 1024w, https:\/\/archive.sana.sy\/es\/wp-content\/uploads\/2021\/10\/DSC_1358-150x100.jpg 150w, https:\/\/archive.sana.sy\/es\/wp-content\/uploads\/2021\/10\/DSC_1358-768x512.jpg 768w, https:\/\/archive.sana.sy\/es\/wp-content\/uploads\/2021\/10\/DSC_1358-1536x1024.jpg 1536w, https:\/\/archive.sana.sy\/es\/wp-content\/uploads\/2021\/10\/DSC_1358-2048x1365.jpg 2048w\" sizes=\"(max-width: 2560px) 100vw, 2560px\" \/><\/a>\n\t\t\t<\/div><\/figure><figure class='gallery-item'>\n\t\t\t<div class='gallery-icon landscape'>\n\t\t\t\t<a href='https:\/\/archive.sana.sy\/es\/wp-content\/uploads\/2021\/10\/DSC_1368-scaled.jpg'><img loading=\"lazy\" decoding=\"async\" width=\"2560\" height=\"1707\" src=\"https:\/\/archive.sana.sy\/es\/wp-content\/uploads\/2021\/10\/DSC_1368-scaled.jpg\" class=\"attachment-full size-full\" alt=\"\" srcset=\"https:\/\/archive.sana.sy\/es\/wp-content\/uploads\/2021\/10\/DSC_1368-scaled.jpg 2560w, https:\/\/archive.sana.sy\/es\/wp-content\/uploads\/2021\/10\/DSC_1368-300x200.jpg 300w, https:\/\/archive.sana.sy\/es\/wp-content\/uploads\/2021\/10\/DSC_1368-1024x683.jpg 1024w, https:\/\/archive.sana.sy\/es\/wp-content\/uploads\/2021\/10\/DSC_1368-150x100.jpg 150w, https:\/\/archive.sana.sy\/es\/wp-content\/uploads\/2021\/10\/DSC_1368-768x512.jpg 768w, https:\/\/archive.sana.sy\/es\/wp-content\/uploads\/2021\/10\/DSC_1368-1536x1024.jpg 1536w, https:\/\/archive.sana.sy\/es\/wp-content\/uploads\/2021\/10\/DSC_1368-2048x1365.jpg 2048w\" sizes=\"(max-width: 2560px) 100vw, 2560px\" \/><\/a>\n\t\t\t<\/div><\/figure><figure class='gallery-item'>\n\t\t\t<div class='gallery-icon landscape'>\n\t\t\t\t<a href='https:\/\/archive.sana.sy\/es\/wp-content\/uploads\/2021\/10\/DSC_1401-scaled.jpg'><img loading=\"lazy\" decoding=\"async\" width=\"2560\" height=\"1707\" src=\"https:\/\/archive.sana.sy\/es\/wp-content\/uploads\/2021\/10\/DSC_1401-scaled.jpg\" class=\"attachment-full size-full\" alt=\"\" srcset=\"https:\/\/archive.sana.sy\/es\/wp-content\/uploads\/2021\/10\/DSC_1401-scaled.jpg 2560w, https:\/\/archive.sana.sy\/es\/wp-content\/uploads\/2021\/10\/DSC_1401-300x200.jpg 300w, https:\/\/archive.sana.sy\/es\/wp-content\/uploads\/2021\/10\/DSC_1401-1024x683.jpg 1024w, https:\/\/archive.sana.sy\/es\/wp-content\/uploads\/2021\/10\/DSC_1401-150x100.jpg 150w, https:\/\/archive.sana.sy\/es\/wp-content\/uploads\/2021\/10\/DSC_1401-768x512.jpg 768w, https:\/\/archive.sana.sy\/es\/wp-content\/uploads\/2021\/10\/DSC_1401-1536x1024.jpg 1536w, https:\/\/archive.sana.sy\/es\/wp-content\/uploads\/2021\/10\/DSC_1401-2048x1365.jpg 2048w\" sizes=\"(max-width: 2560px) 100vw, 2560px\" \/><\/a>\n\t\t\t<\/div><\/figure><figure class='gallery-item'>\n\t\t\t<div class='gallery-icon landscape'>\n\t\t\t\t<a href='https:\/\/archive.sana.sy\/es\/wp-content\/uploads\/2021\/10\/DSC_1411-scaled.jpg'><img loading=\"lazy\" decoding=\"async\" width=\"2560\" height=\"1707\" src=\"https:\/\/archive.sana.sy\/es\/wp-content\/uploads\/2021\/10\/DSC_1411-scaled.jpg\" class=\"attachment-full size-full\" alt=\"\" srcset=\"https:\/\/archive.sana.sy\/es\/wp-content\/uploads\/2021\/10\/DSC_1411-scaled.jpg 2560w, https:\/\/archive.sana.sy\/es\/wp-content\/uploads\/2021\/10\/DSC_1411-300x200.jpg 300w, https:\/\/archive.sana.sy\/es\/wp-content\/uploads\/2021\/10\/DSC_1411-1024x683.jpg 1024w, https:\/\/archive.sana.sy\/es\/wp-content\/uploads\/2021\/10\/DSC_1411-150x100.jpg 150w, https:\/\/archive.sana.sy\/es\/wp-content\/uploads\/2021\/10\/DSC_1411-768x512.jpg 768w, https:\/\/archive.sana.sy\/es\/wp-content\/uploads\/2021\/10\/DSC_1411-1536x1024.jpg 1536w, https:\/\/archive.sana.sy\/es\/wp-content\/uploads\/2021\/10\/DSC_1411-2048x1365.jpg 2048w\" sizes=\"(max-width: 2560px) 100vw, 2560px\" \/><\/a>\n\t\t\t<\/div><\/figure>\n\t\t<\/div>\n\n<p>&nbsp;<\/p>\n","protected":false},"excerpt":{"rendered":"<p>Homs, 03 Oct (SANA)\u00a0 \u00a0\u00a0La Iglesia del Sagrado Cintur\u00f3n de Santa Mar\u00eda en la provincia central de Homs acogi\u00f3 hoy una oraci\u00f3n por la paz en Siria, presidida por el obispo Mar Timothy Matta El Khoury, arzobispo de Homs, Hama y Tartus para la iglesia sir\u00edaco-ortodoxa. La plegaria se llev\u00f3 a cabo en presencia del &hellip;<\/p>\n","protected":false},"author":30,"featured_media":199729,"comment_status":"closed","ping_status":"closed","sticky":false,"template":"","format":"standard","meta":{"footnotes":""},"categories":[597,467,7541],"tags":[19571],"class_list":["post-199717","post","type-post","status-publish","format-standard","has-post-thumbnail","","category-cinta-de-noticias","category-siria-y-el-mundo","category-ultimas-noticias","tag-siria-es-un-pais-de-historia-y-lugares-santos-afirma-el-presidente-de-la-conferencia-episcopal-austriaca-fotos"],"_links":{"self":[{"href":"https:\/\/archive.sana.sy\/es\/index.php?rest_route=\/wp\/v2\/posts\/199717"}],"collection":[{"href":"https:\/\/archive.sana.sy\/es\/index.php?rest_route=\/wp\/v2\/posts"}],"about":[{"href":"https:\/\/archive.sana.sy\/es\/index.php?rest_route=\/wp\/v2\/types\/post"}],"author":[{"embeddable":true,"href":"https:\/\/archive.sana.sy\/es\/index.php?rest_route=\/wp\/v2\/users\/30"}],"replies":[{"embeddable":true,"href":"https:\/\/archive.sana.sy\/es\/index.php?rest_route=%2Fwp%2Fv2%2Fcomments&post=199717"}],"version-history":[{"count":0,"href":"https:\/\/archive.sana.sy\/es\/index.php?rest_route=\/wp\/v2\/posts\/199717\/revisions"}],"wp:featuredmedia":[{"embeddable":true,"href":"https:\/\/archive.sana.sy\/es\/index.php?rest_route=\/wp\/v2\/media\/199729"}],"wp:attachment":[{"href":"https:\/\/archive.sana.sy\/es\/index.php?rest_route=%2Fwp%2Fv2%2Fmedia&parent=199717"}],"wp:term":[{"taxonomy":"category","embeddable":true,"href":"https:\/\/archive.sana.sy\/es\/index.php?rest_route=%2Fwp%2Fv2%2Fcategories&post=199717"},{"taxonomy":"post_tag","embeddable":true,"href":"https:\/\/archive.sana.sy\/es\/index.php?rest_route=%2Fwp%2Fv2%2Ftags&post=199717"}],"curies":[{"name":"wp","href":"https:\/\/api.w.org\/{rel}","templated":true}]}}