{"id":199730,"date":"2021-10-03T20:16:12","date_gmt":"2021-10-03T17:16:12","guid":{"rendered":"http:\/\/107.6.182.27\/es\/?p=199730"},"modified":"2021-10-03T20:16:12","modified_gmt":"2021-10-03T17:16:12","slug":"presidente-al-assad-expresa-condolencias-por-bombero-muerto-mientras-desempenaba-su-labor","status":"publish","type":"post","link":"https:\/\/archive.sana.sy\/es\/?p=199730","title":{"rendered":"Presidente al-Assad expresa condolencias por bombero muerto mientras desempe\u00f1aba su labor"},"content":{"rendered":"<p style=\"text-align: justify;\"><span style=\"color: #800000;\"><strong>Damasco, 03 Oct (SANA)\u00a0 \u00a0\u00a0<\/strong><\/span>Por orientaci\u00f3n del presidente Bashar al-Assad, el gobernador de Damasco Ing. Adel al-Olabi dio los p\u00e9sames por el martirio de Hussein Mohamed, trabajador del Regimiento de Bomberos de Damasco.<\/p>\n<p style=\"text-align: justify;\">El Ing. Al-Olabi expres\u00f3 las condolencias en nombre del presidente al-Assad afirmando que el h\u00e9roe bombero Mohamed muri\u00f3 durante el cumplimiento de su deber mientras extingu\u00eda el incendio del barrio Zeqaq al-Mahkama en el distrito de Hariqa.<\/p>\n<p style=\"text-align: justify;\">El gobernador dijo que el pionerismo y coraje del m\u00e1rtir Mohamed contribuyeron a extinguir el fuego y aminorar los da\u00f1os materiales y humanos, as\u00ed \u00e9l dio un ejemplo a los bomberos que hacen frente a las llamas y defienden las vidas y propiedades de los ciudadanos.<\/p>\n<p style=\"text-align: justify;\">&#8220;El gobernador de Damasco se\u00f1al\u00f3 que el m\u00e1rtir dio una imagen verdadera de los bomberos que cumplen con su deber en medio de peligros que los acechan.<\/p>\n<p style=\"text-align: justify;\">Los familiares del m\u00e1rtir agradecieron este generoso gesto de parte del presidente cuyas condolencias tuvieron un fuerte efecto en sus almas.<\/p>\n<p style=\"text-align: justify;\">Hussein Mohamed del Regimiento de Bomberos de Damasco muri\u00f3 durante la extinci\u00f3n de un incendio que se desat\u00f3 el 29 de septiembre \u00faltimo en un almac\u00e9n de ropa y se extendi\u00f3 a varios locales comerciales.<\/p>\n<p style=\"text-align: justify;\"><strong>rsh\/ah<\/strong><\/p>\n","protected":false},"excerpt":{"rendered":"<p>Damasco, 03 Oct (SANA)\u00a0 \u00a0\u00a0Por orientaci\u00f3n del presidente Bashar al-Assad, el gobernador de Damasco Ing. Adel al-Olabi dio los p\u00e9sames por el martirio de Hussein Mohamed, trabajador del Regimiento de Bomberos de Damasco. El Ing. Al-Olabi expres\u00f3 las condolencias en nombre del presidente al-Assad afirmando que el h\u00e9roe bombero Mohamed muri\u00f3 durante el cumplimiento de &hellip;<\/p>\n","protected":false},"author":30,"featured_media":199731,"comment_status":"closed","ping_status":"closed","sticky":false,"template":"","format":"standard","meta":{"footnotes":""},"categories":[597,476,7541],"tags":[19572],"class_list":["post-199730","post","type-post","status-publish","format-standard","has-post-thumbnail","","category-cinta-de-noticias","category-locales","category-ultimas-noticias","tag-presidente-al-assad-expresa-condolencias-por-bombero-muerto-mientras-desempenaba-su-labor"],"_links":{"self":[{"href":"https:\/\/archive.sana.sy\/es\/index.php?rest_route=\/wp\/v2\/posts\/199730"}],"collection":[{"href":"https:\/\/archive.sana.sy\/es\/index.php?rest_route=\/wp\/v2\/posts"}],"about":[{"href":"https:\/\/archive.sana.sy\/es\/index.php?rest_route=\/wp\/v2\/types\/post"}],"author":[{"embeddable":true,"href":"https:\/\/archive.sana.sy\/es\/index.php?rest_route=\/wp\/v2\/users\/30"}],"replies":[{"embeddable":true,"href":"https:\/\/archive.sana.sy\/es\/index.php?rest_route=%2Fwp%2Fv2%2Fcomments&post=199730"}],"version-history":[{"count":0,"href":"https:\/\/archive.sana.sy\/es\/index.php?rest_route=\/wp\/v2\/posts\/199730\/revisions"}],"wp:featuredmedia":[{"embeddable":true,"href":"https:\/\/archive.sana.sy\/es\/index.php?rest_route=\/wp\/v2\/media\/199731"}],"wp:attachment":[{"href":"https:\/\/archive.sana.sy\/es\/index.php?rest_route=%2Fwp%2Fv2%2Fmedia&parent=199730"}],"wp:term":[{"taxonomy":"category","embeddable":true,"href":"https:\/\/archive.sana.sy\/es\/index.php?rest_route=%2Fwp%2Fv2%2Fcategories&post=199730"},{"taxonomy":"post_tag","embeddable":true,"href":"https:\/\/archive.sana.sy\/es\/index.php?rest_route=%2Fwp%2Fv2%2Ftags&post=199730"}],"curies":[{"name":"wp","href":"https:\/\/api.w.org\/{rel}","templated":true}]}}