{"id":199733,"date":"2021-10-03T20:11:15","date_gmt":"2021-10-03T17:11:15","guid":{"rendered":"http:\/\/107.6.182.27\/es\/?p=199733"},"modified":"2021-10-03T20:19:14","modified_gmt":"2021-10-03T17:19:14","slug":"ejercito-completa-operaciones-de-peinado-en-ciudad-de-nawa","status":"publish","type":"post","link":"https:\/\/archive.sana.sy\/es\/?p=199733","title":{"rendered":"Ej\u00e9rcito completa operaciones de peinado en ciudad de Nawa"},"content":{"rendered":"<p style=\"text-align: justify;\"><span style=\"color: #800000;\"><strong>Deraa, 03 Oct (SANA)\u00a0 \u00a0<\/strong> <\/span>Unidades del Ej\u00e9rcito \u00c1rabe Sirio ingresaron hoy a la ciudad de Nawa, situada al norte de Deraa, despu\u00e9s de completar la normalizaci\u00f3n del estatus jur\u00eddico de los armados y pr\u00f3fugos en el marco del acuerdo de reconciliaci\u00f3n planteado por el Estado sirio.<\/p>\n<p style=\"text-align: justify;\">&#8220;Desde la ma\u00f1ana, las unidades del ej\u00e9rcito han comenzado a peinar las entradas de la ciudad y los vecindarios para aumentar los factores de seguridad con el fin de preservar la vida de los civiles y prepararse para el retorno de todas las instituciones estatales a su trabajo normal&#8221;, dijo nuestro corresponsal de guerra en Deraa.<\/p>\n<p style=\"text-align: justify;\">El mi\u00e9rcoles, unidades del ej\u00e9rcito reforzaron sus posiciones en la aldea de Maarieh en los l\u00edmites del Gol\u00e1n ocupado y en la frontera jordana al sur, as\u00ed como en las aldeas de Al-Shajara, Al-Qusayr, la ciudad de Tsil y varias aldeas en el \u00e1rea de la cuenca de Yarmouk en la campi\u00f1a noroccidental de Deraa.<\/p>\n<p style=\"text-align: justify;\"><strong>ah\/rsh<\/strong><\/p>\n","protected":false},"excerpt":{"rendered":"<p>Deraa, 03 Oct (SANA)\u00a0 \u00a0 Unidades del Ej\u00e9rcito \u00c1rabe Sirio ingresaron hoy a la ciudad de Nawa, situada al norte de Deraa, despu\u00e9s de completar la normalizaci\u00f3n del estatus jur\u00eddico de los armados y pr\u00f3fugos en el marco del acuerdo de reconciliaci\u00f3n planteado por el Estado sirio. &#8220;Desde la ma\u00f1ana, las unidades del ej\u00e9rcito han &hellip;<\/p>\n","protected":false},"author":30,"featured_media":199734,"comment_status":"closed","ping_status":"closed","sticky":false,"template":"","format":"standard","meta":{"footnotes":""},"categories":[477,597,573,7541],"tags":[19573],"class_list":["post-199733","post","type-post","status-publish","format-standard","has-post-thumbnail","","category-noticias-edulcorantes","category-cinta-de-noticias","category-la-realidad-de-los-acontecimientos-en-siria","category-ultimas-noticias","tag-ejercito-completa-operaciones-de-peinado-en-ciudad-de-nawa"],"_links":{"self":[{"href":"https:\/\/archive.sana.sy\/es\/index.php?rest_route=\/wp\/v2\/posts\/199733"}],"collection":[{"href":"https:\/\/archive.sana.sy\/es\/index.php?rest_route=\/wp\/v2\/posts"}],"about":[{"href":"https:\/\/archive.sana.sy\/es\/index.php?rest_route=\/wp\/v2\/types\/post"}],"author":[{"embeddable":true,"href":"https:\/\/archive.sana.sy\/es\/index.php?rest_route=\/wp\/v2\/users\/30"}],"replies":[{"embeddable":true,"href":"https:\/\/archive.sana.sy\/es\/index.php?rest_route=%2Fwp%2Fv2%2Fcomments&post=199733"}],"version-history":[{"count":0,"href":"https:\/\/archive.sana.sy\/es\/index.php?rest_route=\/wp\/v2\/posts\/199733\/revisions"}],"wp:featuredmedia":[{"embeddable":true,"href":"https:\/\/archive.sana.sy\/es\/index.php?rest_route=\/wp\/v2\/media\/199734"}],"wp:attachment":[{"href":"https:\/\/archive.sana.sy\/es\/index.php?rest_route=%2Fwp%2Fv2%2Fmedia&parent=199733"}],"wp:term":[{"taxonomy":"category","embeddable":true,"href":"https:\/\/archive.sana.sy\/es\/index.php?rest_route=%2Fwp%2Fv2%2Fcategories&post=199733"},{"taxonomy":"post_tag","embeddable":true,"href":"https:\/\/archive.sana.sy\/es\/index.php?rest_route=%2Fwp%2Fv2%2Ftags&post=199733"}],"curies":[{"name":"wp","href":"https:\/\/api.w.org\/{rel}","templated":true}]}}