{"id":19982,"date":"2015-03-22T16:10:32","date_gmt":"2015-03-22T14:10:32","guid":{"rendered":"http:\/\/www.sana.sy\/es\/?p=19982"},"modified":"2015-03-22T16:10:54","modified_gmt":"2015-03-22T14:10:54","slug":"cardenal-rai-exige-el-cese-de-la-guerra-contra-siria-e-iraq","status":"publish","type":"post","link":"https:\/\/archive.sana.sy\/es\/?p=19982","title":{"rendered":"Cardenal Ra\u00ed exige el cese de la guerra contra Siria e Iraq"},"content":{"rendered":"<p><span style=\"color: #800000\">Beirut, SANA<\/span><\/p>\n<p>El patriarca maronita, cardenal Mar Bshara Boutros Ra\u00ed reiter\u00f3 sus llamados a detener la guerra librada contra Siria, Iraq y Palestina, entre otros pa\u00edses, por los medios pol\u00edticos y diplom\u00e1ticos.<\/p>\n<p>En una predicaci\u00f3n oficiada en la misma de este domingo, el patriarca se\u00f1al\u00f3 que la continuaci\u00f3n de esta guerra absurda es una cicatriz en la frente de la comunidad internacional y de esta generaci\u00f3n, ya que la misma tiene el objetivo de conseguir beneficios pol\u00edticos, econ\u00f3micos y sectarios, as\u00ed como ganancias del tr\u00e1fico de armas sin tomar en consideraci\u00f3n a los inocentes civiles que est\u00e1n siendo masacrados, asesinados y desplazados, y a las civilizaciones hist\u00f3ricas de la humanidad que se saquean, se destruyen y se sabotean.<\/p>\n<p>Lynn A., Riyad Sh.<\/p>\n","protected":false},"excerpt":{"rendered":"<p>Beirut, SANA El patriarca maronita, cardenal Mar Bshara Boutros Ra\u00ed reiter\u00f3 sus llamados a detener la guerra librada contra Siria, Iraq y Palestina, entre otros pa\u00edses, por los medios pol\u00edticos y diplom\u00e1ticos. En una predicaci\u00f3n oficiada en la misma de este domingo, el patriarca se\u00f1al\u00f3 que la continuaci\u00f3n de esta guerra absurda es una cicatriz &hellip;<\/p>\n","protected":false},"author":24,"featured_media":11932,"comment_status":"closed","ping_status":"closed","sticky":false,"template":"","format":"standard","meta":{"footnotes":""},"categories":[456,457,576],"tags":[4532],"class_list":["post-19982","post","type-post","status-publish","format-standard","has-post-thumbnail","","category-arabe-internacional-politica","category-noticias-arabe-internacional-politica","category-noticias-politicas","tag-cardenal-rai-exige-el-cese-de-la-guerra-contra-siria-e-iraq"],"_links":{"self":[{"href":"https:\/\/archive.sana.sy\/es\/index.php?rest_route=\/wp\/v2\/posts\/19982"}],"collection":[{"href":"https:\/\/archive.sana.sy\/es\/index.php?rest_route=\/wp\/v2\/posts"}],"about":[{"href":"https:\/\/archive.sana.sy\/es\/index.php?rest_route=\/wp\/v2\/types\/post"}],"author":[{"embeddable":true,"href":"https:\/\/archive.sana.sy\/es\/index.php?rest_route=\/wp\/v2\/users\/24"}],"replies":[{"embeddable":true,"href":"https:\/\/archive.sana.sy\/es\/index.php?rest_route=%2Fwp%2Fv2%2Fcomments&post=19982"}],"version-history":[{"count":0,"href":"https:\/\/archive.sana.sy\/es\/index.php?rest_route=\/wp\/v2\/posts\/19982\/revisions"}],"wp:featuredmedia":[{"embeddable":true,"href":"https:\/\/archive.sana.sy\/es\/index.php?rest_route=\/wp\/v2\/media\/11932"}],"wp:attachment":[{"href":"https:\/\/archive.sana.sy\/es\/index.php?rest_route=%2Fwp%2Fv2%2Fmedia&parent=19982"}],"wp:term":[{"taxonomy":"category","embeddable":true,"href":"https:\/\/archive.sana.sy\/es\/index.php?rest_route=%2Fwp%2Fv2%2Fcategories&post=19982"},{"taxonomy":"post_tag","embeddable":true,"href":"https:\/\/archive.sana.sy\/es\/index.php?rest_route=%2Fwp%2Fv2%2Ftags&post=19982"}],"curies":[{"name":"wp","href":"https:\/\/api.w.org\/{rel}","templated":true}]}}