{"id":199961,"date":"2021-10-05T12:43:56","date_gmt":"2021-10-05T09:43:56","guid":{"rendered":"http:\/\/107.6.182.27\/es\/?p=199961"},"modified":"2023-01-10T15:33:11","modified_gmt":"2023-01-10T13:33:11","slug":"resumen-semanal-de-las-noticias-economicas-mas-importantes-de-siria-9","status":"publish","type":"post","link":"https:\/\/archive.sana.sy\/es\/?p=199961","title":{"rendered":"Resumen semanal de las noticias econ\u00f3micas m\u00e1s importantes de Siria"},"content":{"rendered":"<p style=\"text-align: justify;\"><span style=\"color: #800000;\"><strong>Damasco, 05 oct (SANA)<\/strong><\/span><\/p>\n<p style=\"text-align: justify;\"><span style=\"color: #000000;\"><strong>A continuaci\u00f3n, resumen semanal de noticias que muestran la recuperaci\u00f3n de Siria a pesar del bloqueo, las sanciones y la guerra:<\/strong><\/span><\/p>\n<p style=\"text-align: justify;\"><strong><span style=\"color: #0000ff;\">Siria presente en la ExpoDubai 2020<\/span><\/strong><\/p>\n<p style=\"text-align: justify;\">Siria participa en la Expo Dub\u00e1i 2020 con un pabell\u00f3n que brinda una visi\u00f3n abarcadora sobre historia, cultura, artes y econom\u00eda de Siria.<\/p>\n<p style=\"text-align: justify;\">La exposici\u00f3n que contin\u00faa hasta el 31 de marzo del pr\u00f3ximo a\u00f1o, tiene como meta tender puentes de cooperaci\u00f3n fruct\u00edfera con las entidades participantes en esta feria internacional en que el pabell\u00f3n de Siria lleva el emblema \u201cJuntos\u2026 el futuro es nuestro\u201d y es una ventana a la civilizaci\u00f3n siria tan rica y arraigada en el tiempo.<\/p>\n<p style=\"text-align: justify;\">El embajador de Siria en Emiratos \u00c1rabes Unidos y comisionado general del pabell\u00f3n, Dr. Ghassan Abbas, se\u00f1al\u00f3 en declaraciones anteriores que adem\u00e1s de los aspectos culturales, art\u00edsticos e hist\u00f3ricos el pabell\u00f3n confiere una gran atenci\u00f3n a las oportunidades econ\u00f3micas que ofrece Expo Dubai 2020 a empresas y hombres de negocios sirios.<\/p>\n<p style=\"text-align: justify;\">Los visitantes del pabell\u00f3n sirio podr\u00e1n conocer los aportes hist\u00f3ricos de Siria a la civilizaci\u00f3n humana, pues all\u00ed esta exhibida una r\u00e9plica id\u00e9ntica de alfabeto de Ugarit reconocido como el primero de la historia, y est\u00e1 tambi\u00e9n la primera nota musical descubierta en el mundo.<\/p>\n<p style=\"text-align: justify;\">En un rinc\u00f3n del pabell\u00f3n se lleva a cabo una exposici\u00f3n de pintores sirios que refleja aspectos de nuestra vida nacional.<\/p>\n<p style=\"text-align: justify;\"><strong><span style=\"color: #0000ff;\">El pabell\u00f3n sirio en (Expo Dub\u00e1i 2020) comenz\u00f3 a recibir a sus visitantes hoy\u00a0<\/span><\/strong><\/p>\n<p style=\"text-align: justify;\">\u201cEl pabell\u00f3n sirio acompa\u00f1a a sus visitantes en un viaje para descubrir la raigambre del pasado, la historia de nuestro pa\u00eds y sus diversas civilizaciones a lo largo de las \u00e9pocas\u201d, dijo el Ministro de Econom\u00eda y Comercio Exterior, Muhammad Samer Al-Khalil, en un discurso durante la inauguraci\u00f3n del pabell\u00f3n.<\/p>\n<p style=\"text-align: justify;\">\u201cEstamos completamente seguros de que la Expo 2020 Dub\u00e1i ser\u00e1 una puerta de entrada a la creatividad y el \u00e9xito, y una oportunidad imperdible para compartir con el mundo nuestra historia milenaria y nuestras innovaciones que a trav\u00e9s de las cuales buscamos tener un impacto positivo en el futuro de la humanidad \u201c, agreg\u00f3.<\/p>\n<p style=\"text-align: justify;\">El titular sirio expres\u00f3 su agradecimiento a los Emiratos \u00c1rabes Unidos por brindar la oportunidad a Siria y otros pa\u00edses para participar en este importante evento mundial.<\/p>\n<p style=\"text-align: justify;\">A su vez, el embajador sirio en los Emiratos \u00c1rabes Unidos, Ghassan Abbas, dijo en un discurso similar: \u201cBuscamos hacer de nuestra participaci\u00f3n en la Expo 2020 Dub\u00e1i una aporte distinto a esta importante exposici\u00f3n internacional que refleja la imagen civilizada de la cultura y el pueblo sirios.<\/p>\n<p style=\"text-align: justify;\">Se\u00f1al\u00f3 que esta participaci\u00f3n es una oportunidad para fortalecer la presencia siria en el escenario internacional a trav\u00e9s del contacto directo con visitantes de todo el mundo durante el per\u00edodo de exhibici\u00f3n.<\/p>\n<p style=\"text-align: justify;\"><strong><span style=\"color: #0000ff;\">Ministerio de Industria revela notable aumento en n\u00famero de plantas en fase de producci\u00f3n<\/span><\/strong><\/p>\n<p style=\"text-align: justify;\">El Ministerio de Industria revel\u00f3 hoy notable crecimiento en el n\u00famero de instalaciones industriales que entraron en fase de producci\u00f3n, desde principios de este a\u00f1o hasta finales de agosto pasado, en las provincias de Alepo, Homs y Damasco-campo.<\/p>\n<p style=\"text-align: justify;\">Seg\u00fan un comunicado emitido por el ministerio, el n\u00famero de establecimientos reci\u00e9n ejecutados en Alepo ascendi\u00f3 a 251 industriales y 110 artesanales.<\/p>\n<p style=\"text-align: justify;\">Los datos facilitados por el ministerio demuestran que el n\u00famero de instalaciones en los complejos y zonas industriales en la provincia de Alepo alcanz\u00f3 los 33,993, incluidas 11,964 industriales y 22,029 artesanales, de los cuales 17.229 son operativos, s\u00famales 720 f\u00e1bricas productivas en la ciudad industrial de Sheikh Najjar, y 183 en el campo oriental de la provincia norte\u00f1a.<\/p>\n<p style=\"text-align: justify;\">En la ciudad industrial de Hassieh en la provincia de Homs, el n\u00famero de instalaciones ejecutadas durante el a\u00f1o en curso lleg\u00f3 a 26 instalaciones en comparaci\u00f3n con 13 en el a\u00f1o pasado.<\/p>\n<p style=\"text-align: justify;\">En Damasco-campo, el n\u00famero de licencias industriales en la zona industrial de Adra hasta finales de agosto pasado alcanz\u00f3 3,757, y las instalaciones operativas 1,068.<\/p>\n<p style=\"text-align: justify;\">Estas cifras evidencian el empe\u00f1o del gobierno para reactivar el proceso de producci\u00f3n y lograr la meta de la autosuficiencia.<\/p>\n<p style=\"text-align: justify;\"><strong><span style=\"color: #0000ff;\">Ministro de Econom\u00eda sirio comenta sobre resultados de la visita de la delegaci\u00f3n ministerial siria a Jordania<\/span><\/strong><\/p>\n<p style=\"text-align: justify;\">El ministro de Econom\u00eda y Comercio Exterior, Muhammad Samer Al-Khalil, jefe de la delegaci\u00f3n ministerial siria que visit\u00f3 a Jordania, calific\u00f3 las recientes reuniones sirio-jordanas de \u201cmuy importantes y que se plantearon durante las mismas las dificultades que enfrentan el trabajo conjunto\u201d.<\/p>\n<p style=\"text-align: justify;\">En declaraciones al corresponsal de SANA en Amm\u00e1n, el ministro Al-Khalil destac\u00f3 que se acordaron varias medidas que sirven la cooperaci\u00f3n bilateral en materia de comercio, transporte, agricultura, energ\u00eda y recursos h\u00eddricos, as\u00ed como se fij\u00f3 una agenda para resolver las cuestiones t\u00e9cnicas y poner en pr\u00e1ctica lo acordado.<\/p>\n<p style=\"text-align: justify;\">Revel\u00f3 que ambas partes acordaron unificar las tarifas de tr\u00e1nsito de los camiones, y aplicar de inmediato el sistema de transporte \u201cDoor to Door\u201d para los camiones sirios en paralelo con la reapertura, este mi\u00e9rcoles, del cruce fronterizo de Jaber-Nassib.<\/p>\n<p style=\"text-align: justify;\">El Titular de Econom\u00eda indic\u00f3 que tambi\u00e9n se revis\u00f3 la situaci\u00f3n actual de las empresas conjuntas sirio-jordanas, y ambas partes se pusieron de acuerdo sobre la necesidad de desarrollar una visi\u00f3n conjunta encaminada a resolver los problemas que obstaculizan el trabajo de las mismas.<\/p>\n<p style=\"text-align: justify;\">El ministro al-Khalil explic\u00f3 que las entidades pertinentes de ambos pa\u00edses intercambiar\u00e1n tambi\u00e9n listas de bienes prioritarios para reactivar el intercambio comercial.<\/p>\n<p style=\"text-align: justify;\"><strong><span style=\"color: #0000ff;\">Empresas serbias podr\u00edan invertir en el campo de materiales bituminosos para generar electricidad en Siria<\/span><\/strong><\/p>\n<p style=\"text-align: justify;\">El ministro de Petr\u00f3leo y Recursos Minerales, Bassam Tohme, examin\u00f3 hoy con el embajador de la Rep\u00fablica de Serbia en Damasco, Radovan Stojanovic, la posibilidad de que las empresas serbias contribuyan a la inversi\u00f3n de esquisto bituminoso para generar electricidad.<\/p>\n<p style=\"text-align: justify;\">La producci\u00f3n de electricidad de Serbia depende del carb\u00f3n, que es similar a la pizarra bituminosa, en la forma en que se utiliza para generar electricidad.<\/p>\n<p style=\"text-align: justify;\">Durante la reuni\u00f3n, se abordaron las formas de mejorar la cooperaci\u00f3n conjunta en los campos de petr\u00f3leo, gas y recursos minerales, especialmente fosfato, ya que Serbia es un pa\u00eds avanzado en la fabricaci\u00f3n de fertilizantes fosfatados.<\/p>\n<p style=\"text-align: justify;\">Las dos partes acordaron intercambiar visitas y experiencias entre delegaciones t\u00e9cnicas en los dos pa\u00edses, lo cual contribuye al fortalecimiento de las relaciones bilaterales entre Siria y Serbia.<\/p>\n<p style=\"text-align: justify;\"><strong><span style=\"color: #0000ff;\">Empresa de Ferrocarriles rehabilita 22 vagones de carga de fosfato<\/span><\/strong><\/p>\n<p style=\"text-align: justify;\">El personal t\u00e9cnico de los centros de mantenimiento de emergencia de los Ferrocarriles de Siria logr\u00f3 reparar y reconstruir 22 vagones de carga de fosfato.<\/p>\n<p style=\"text-align: justify;\">Los vagones, reparados en la estaci\u00f3n de Alepo-Jibreen, hab\u00edan estado inactivos desde el a\u00f1o 2011 y cuya vida \u00fatil de inversi\u00f3n exced\u00eda los 45 a\u00f1os.<\/p>\n<p style=\"text-align: justify;\">\u201cLas obras de rehabilitaci\u00f3n incluyeron remover el \u00f3xido, reemplazar las partes desgastadas y pintarlas, as\u00ed como darle mantenimiento al sistema de carga y descarga\u201d, comunic\u00f3 a SANA el director de Ferrocarriles, Najib Fares.<\/p>\n<p style=\"text-align: justify;\">Agreg\u00f3 que se trabaja para restaurar y ampliar el sistema ferroviario, lo que contribuye a reducir los costos de producci\u00f3n, facilitar el traslado de los requerimientos de producci\u00f3n y materias primas, adem\u00e1s de comercializar los productos para incentivar al sector empresarial a reanudar su actividad.<\/p>\n<p style=\"text-align: justify;\"><strong><span style=\"color: #0000ff;\">Arnous: Dos mil 594 instalaciones industriales y artesanales est\u00e1n en fase de construcci\u00f3n en Siria<\/span><\/strong><\/p>\n<p style=\"text-align: justify;\">El primer ministro Hussein Arnous, afirm\u00f3 hoy ante la Asamblea del Pueblo (parlamento), que la situaci\u00f3n econ\u00f3mica y de servicios constituye la mayor preocupaci\u00f3n del gobierno durante esta etapa a pesar de las dificultades imperantes.<\/p>\n<p style=\"text-align: justify;\">Destac\u00f3 que la aceleraci\u00f3n de la rueda de la producci\u00f3n y establecimiento de proyectos constituyen la forma m\u00e1s segura para obtener recursos adicionales, crear oportunidades laborales, reducir el desempleo y aumentar la oferta de bienes y servicios.<\/p>\n<p style=\"text-align: justify;\">El jefe del Ejecutivo mencion\u00f3 que hay una serie de proyectos en fase de ejecuci\u00f3n, incluidos proyectos de energ\u00eda alternativa en las ciudades industriales.<\/p>\n<p style=\"text-align: justify;\">\u201cEl n\u00famero total de instalaciones industriales y artesanales en fase de construcci\u00f3n asciende a dos mil 594, de los cuales 130 comenzaron este a\u00f1o, mientras 299 plantas industriales est\u00e1n siendo reconstruidas, de los cuales 19 en el a\u00f1o en curso\u201d, detall\u00f3.<\/p>\n<p style=\"text-align: justify;\">En cuanto al sector energ\u00e9tico, Arnous afirm\u00f3 que se distribuye diariamente unos 4,1 millones de litros de gasolina de 90 octanos y unos 500 mil litros de gasolina de 95 octanos, adem\u00e1s de 5,5 millones de litros de di\u00e9sel por d\u00eda, adem\u00e1s de 70 mil bombonas de butano dom\u00e9stico y alrededor de 4.000 cilindros de gas industrial.<\/p>\n<p style=\"text-align: justify;\"><span style=\"color: #0000ff;\"><strong>400 empresarios \u00e1rabes participan en la Feria Internacional de Industrias del Cuero que arranca hoy en Damasco<\/strong><\/span><\/p>\n<p style=\"text-align: justify;\">Comienza hoy domingo en la Ciudad Ferial de Damasco la Exposici\u00f3n Internacional de Exportaci\u00f3n para Industrias del Cuero y Requisitos de su Producci\u00f3n, en la cual participan m\u00e1s de 100 empresas sirias, \u00e1rabes y extranjeras.<\/p>\n<p style=\"text-align: justify;\">El evento est\u00e1 organizado por la Uni\u00f3n \u00c1rabe para Industrias del Cuero en cooperaci\u00f3n con la Federaci\u00f3n de C\u00e1maras de Industria y Comercio, y el Ministerio de Industria.<\/p>\n<p style=\"text-align: justify;\">La exposici\u00f3n recoge nuevos modelos y dise\u00f1os de los industriales, artesanos y productores de calzados, bolsos, chaquetas de cuero y otros productos.<\/p>\n<p style=\"text-align: justify;\">En una declaraci\u00f3n dirigida a SANA, el Secretario General de la Federaci\u00f3n \u00c1rabe de Industrias del Cuero y miembro de la Federaci\u00f3n de C\u00e1maras de Comercio de Siria, Muhammad Kazara, confirm\u00f3 que las industrias del cuero sirias atestiguaron un desarrollo notable y gozan de una buena reputaci\u00f3n en el mundo \u00e1rabe.<\/p>\n<p style=\"text-align: justify;\">Kazara indic\u00f3 que se invit\u00f3 a unos 400 empresarios de pa\u00edses como Iraq, Jordania, L\u00edbano, Palestina, Libia y Argelia, y se\u00f1al\u00f3 que al margen del evento se cerrar\u00e1n contratos de exportaci\u00f3n de productos de cuero sirios a los mercados extranjeros.<\/p>\n<p style=\"text-align: justify;\"><strong><span style=\"color: #0000ff;\">Siria y el UNFPA abordan perspectivas cooperaci\u00f3n bilateral<\/span><\/strong><\/p>\n<p style=\"text-align: justify;\">El ministro de Exteriores y Expatriados, Faisal al-Mekdad, sostuvo conversaciones con Louay Shabana, director de la Oficina Regional del Fondo de Poblaci\u00f3n de las Naciones Unidas (UNFPA), sobre las perspectivas y \u00e1reas de cooperaci\u00f3n entre el gobierno sirio y el Fondo de la ONU.<\/p>\n<p style=\"text-align: justify;\">Al-Mekdad elogi\u00f3 la cooperaci\u00f3n existente entre el Gobierno de la Rep\u00fablica \u00c1rabe Siria y el Fondo de Poblaci\u00f3n de las Naciones Unidas y los esfuerzos realizados por el Fondo para responder a las prioridades y necesidades nacionales mediante la coordinaci\u00f3n y la cooperaci\u00f3n continuas con las autoridades sirias oficiales.<\/p>\n<p style=\"text-align: justify;\">Asimismo, se refiri\u00f3 a las peligrosas consecuencias de las medidas coercitivas unilaterales impuestas a Siria por Estados Unidos, pa\u00edses de la Uni\u00f3n Europea y otros Estados, que repercuten negativamente en la vida y las condiciones econ\u00f3micas del pueblo sirio.<\/p>\n<p style=\"text-align: justify;\">Por su parte, Shabana expres\u00f3 su agradecimiento por la cooperaci\u00f3n continua entre el Gobierno sirio y el Fondo.<\/p>\n<p style=\"text-align: justify;\">Destac\u00f3 que satisfacer las necesidades nacionales es una prioridad para el Fondo.<\/p>\n<p style=\"text-align: justify;\">\u201cNosotros, el equipo de la oficina del Fondo en Siria, estamos interesados en continuar la coordinaci\u00f3n y lograr avances en todos los programas y proyectos a fin de servir las prioridades nacionales\u201d, manifest\u00f3.<\/p>\n<p style=\"text-align: justify;\"><strong><span style=\"color: #0000ff;\">Provincia de Tartous pone en marcha a 193 instalaciones artesanales e industriales este a\u00f1o<\/span><\/strong><\/p>\n<p style=\"text-align: justify;\">El n\u00famero de establecimientos artesanales e industriales puestos en marcha desde principios de a\u00f1o en la gobernaci\u00f3n de Tartous alcanz\u00f3 las 193 con un capital de 3 mil millones de libras, y ofrecieron 569 oportunidades laborales.<\/p>\n<p style=\"text-align: justify;\">Seg\u00fan un informe emitido por la Direcci\u00f3n de Industria de esta provincia costera, el n\u00famero de plantas artesanales lleg\u00f3 a 128, incluidas 65 de alimentos, 45 de mec\u00e1nica, 9 de industria qu\u00edmica y un igual n\u00famero de plantas textiles, y lograron asegurar 279 oportunidades laborales.<\/p>\n<p style=\"text-align: justify;\">Mientras que el n\u00famero de plantas industriales implementadas alcanz\u00f3 las 61 distribuidas entre 47 de alimentos, 39 de industria qu\u00edmic, 6 establecimientos de industria mec\u00e1nica y dos textiles, y aseguraron 253 oportunidades laborales.<\/p>\n<p style=\"text-align: justify;\">Seg\u00fan el informe, el n\u00famero de establecimientos puestos en marcha en Tartous el a\u00f1o pasado lleg\u00f3 a 124 y aseguraron 410 oportunidades laborales.<\/p>\n<p style=\"text-align: justify;\"><strong><span style=\"color: #0000ff;\">Conversaciones entre Siria y China sobre cooperaci\u00f3n conjunta<\/span><\/strong><\/p>\n<p style=\"text-align: justify;\">Durante su visita al Pabell\u00f3n de China en la Expo Dub\u00e1i, el ministro de Econom\u00eda y Comercio Exterior, Muhammad Samer Al-Khalil, convers\u00f3 con el Vicepresidente del Consejo Chino para Promoci\u00f3n del Comercio Internacional, Zhang Xinfeng, las formas de mejorar la cooperaci\u00f3n conjunta entre Siria y China en varios campos.<\/p>\n<p style=\"text-align: justify;\">El ministro Al-Khalil elogi\u00f3 las distinguidas relaciones con China y destac\u00f3 la importancia de la cooperaci\u00f3n en todos los campos, ya sea a nivel de gobierno o entidades privadas, e indic\u00f3 que China es el mayor socio comercial estrat\u00e9gico de Siria, y que Damasco alienta las empresas chinas a invertir.<\/p>\n<p style=\"text-align: justify;\">Asimismo, expres\u00f3 su agradecimiento a China por apoyar a Siria y brindar ayuda humanitaria, adem\u00e1s de cursos de capacitaci\u00f3n que benefician a muchos trabajadores en el pa\u00eds.<\/p>\n<p style=\"text-align: justify;\">Por su parte, Zhang destac\u00f3 la profunda cooperaci\u00f3n entre los dos pa\u00edses y la necesidad de mejorar el comercio y la inversi\u00f3n bilaterales.<\/p>\n<p style=\"text-align: justify;\">Explic\u00f3 que Pek\u00edn considera a Siria un socio importante y coopera con ella en todos los campos, y expres\u00f3 su esperanza de mejorar la cooperaci\u00f3n y aumentar y expandir la asociaci\u00f3n.<\/p>\n<p style=\"text-align: justify;\">La delegaci\u00f3n siria tambi\u00e9n visit\u00f3 el pabell\u00f3n liban\u00e9s de la exposici\u00f3n y se reuni\u00f3 con el ministro de Turismo liban\u00e9s, Walid Nassar.<\/p>\n<p style=\"text-align: justify;\">Asimismo, el Ministro de Econom\u00eda y Comercio Exterior visit\u00f3 a los pabellones de Bielorrusia y Malasia.<\/p>\n<p style=\"text-align: justify;\"><strong><span style=\"color: #0000ff;\">Plan para cultivar m\u00e1s de 164 mil de hect\u00e1reas de trigo en Alepo<\/span><\/strong><\/p>\n<p style=\"text-align: justify;\">La provincia norte\u00f1a de Alepo planea este a\u00f1o la siembra de 164 mil 177 hect\u00e1reas.<\/p>\n<p style=\"text-align: justify;\">Seg\u00fan el director provincial de agricultura, Radwan Harsouni, las \u00e1reas planeadas para el cultivo de cebada ascienden a 177 mil 425 hect\u00e1reas, mientras las sembradas de cultivo de algod\u00f3n alcanzan 5,193 hect\u00e1reas lo cual significa notable aumento en las \u00e1reas en comparaci\u00f3n con el a\u00f1o pasado.<\/p>\n<p style=\"text-align: justify;\">Agreg\u00f3 que la superficie total del cultivo de papa ascendi\u00f3 a 7.045 hect\u00e1reas y mientras el ma\u00edz fue de 13.816 hect\u00e1reas.<\/p>\n<p style=\"text-align: justify;\"><strong><span style=\"color: #0000ff;\">Siria y Rep\u00fablica Popular de Donetsk abordan cooperaci\u00f3n industrial<\/span><\/strong><\/p>\n<p style=\"text-align: justify;\">El ministro de Industria, Ziad Sobhi Sabbagh, examin\u00f3 este s\u00e1bado con Vladimir Roshak, el ministro de Industria y Comercio de Rep\u00fablica Popular de Donetsk, las formas de fortalecer y desarrollar la cooperaci\u00f3n bilateral en el campo industrial.<\/p>\n<p style=\"text-align: justify;\">El ministro Sabbagh expres\u00f3 su deseo de alcanzar un acuerdo encaminada a la cooperaci\u00f3n entre ambas partes en el campo de los fertilizantes de diversos tipos y en las industrias metal\u00fargicas.<\/p>\n<p style=\"text-align: justify;\">Por su parte, el ministro Roshak destac\u00f3 la importancia de estas relaciones para los industriales y empresarios de su pa\u00eds ya que se establecen empresas y proyectos conjuntos en el campo de petroqu\u00edmicos, motores y suministros mineros.<\/p>\n<p style=\"text-align: justify;\"><strong><span style=\"color: #0000ff;\">Museo de Alepo recupera estatua antigua de finales del siglo IX a.C.<\/span><\/strong><\/p>\n<p style=\"text-align: justify;\">La estatua aramea de Ain al-Tal, que data de finales del siglo IX a.C., fue devuelta a su lugar en el Museo Nacional de Alepo, despu\u00e9s de completar su restauraci\u00f3n de los da\u00f1os causados por el terrorismo.<\/p>\n<p style=\"text-align: justify;\">La estatua fue restaurada en cooperaci\u00f3n entre la Direcci\u00f3n General de Antig\u00fcedades y Museos y la misi\u00f3n arqueol\u00f3gica de la Universidad de Florencia en Italia, afirm\u00f3 Nazir Awad, Director General de Antig\u00fcedades y Museos, en una declaraci\u00f3n a SANA.<\/p>\n<p style=\"text-align: justify;\">Precis\u00f3 que es uno de los descubrimientos arqueol\u00f3gicos m\u00e1s importantes que fueron descubiertos en 1955 en el \u00e1rea de Ain al-Tal al norte de Alepo.<\/p>\n<p style=\"text-align: justify;\">Se cree que la estatua representa a uno de los gobernantes de la ciudad de Alepo en el per\u00edodo arameo, y est\u00e1 hecho de piedra bas\u00e1ltica y fue da\u00f1ado por los proyectiles terroristas que cayeron en 2015 en el vest\u00edbulo del museo y provocaron su rotura y fragmentaci\u00f3n en tres pedazos.<\/p>\n<p style=\"text-align: justify;\">La estatua fue restaurada, seg\u00fan Awad, en cooperaci\u00f3n con un equipo de la Universidad de Florencia, con los mejores est\u00e1ndares y materiales internacionales utilizados.<\/p>\n<p style=\"text-align: justify;\"><strong><span style=\"color: #0000ff;\">Campa\u00f1a de concientizaci\u00f3n en Siria sobre importancia de detecci\u00f3n precoz del c\u00e1ncer de mama<\/span><\/strong><\/p>\n<p style=\"text-align: justify;\">El Ministerio de Salud lanz\u00f3 este mes de octubre una campa\u00f1a de concientizaci\u00f3n sobre importancia de detecci\u00f3n precoz del c\u00e1ncer de mama, inform\u00f3 la jefa del Departamento de Salud Reproductiva del Ministerio, Alaa Ereksousi.<\/p>\n<p style=\"text-align: justify;\">Indic\u00f3 que la campa\u00f1a tiene como objetivo llamar la atenci\u00f3n sobre la importancia de la detecci\u00f3n precoz para reducir la mortalidad.<\/p>\n<p style=\"text-align: justify;\">\u201cLa campa\u00f1a incluye actividades educativas y seminarios acerca los m\u00e9todos de autoexamen y los factores de riesgo, adem\u00e1s de varias actividades que ponen de relieve las \u00faltimas novedades de tumores de mama y la terapia\u201d, se\u00f1al\u00f3.<\/p>\n<p style=\"text-align: justify;\">Detall\u00f3 que esta jornada abarca las mujeres mayores de 35 a\u00f1os para que realicen un examen cl\u00ednico y una ecograf\u00eda, mientras las mayores de 45 a\u00f1os hacen una mamograf\u00eda.<\/p>\n<p style=\"text-align: justify;\">La directiva agreg\u00f3 que el Ministerio contin\u00faa brindando servicios de detecci\u00f3n precoz del c\u00e1ncer de mama gratuitamente durante todo el a\u00f1o en sus 960 centros de salud.<\/p>\n<p style=\"text-align: justify;\">Durante el \u201cmes rosa\u201d de 2019, m\u00e1s de 428 mil mujeres se beneficiaron de la campa\u00f1a del Ministerio de Salud, en comparaci\u00f3n con 411 mil en 2018.<\/p>\n<p style=\"text-align: justify;\">El c\u00e1ncer de mama es uno de los c\u00e1nceres m\u00e1s prevalentes entre las mujeres en el mundo, ya que afecta a una de cada ocho mujeres y se registran dos millones de casos nuevos al a\u00f1o.<\/p>\n<p style=\"text-align: justify;\"><strong><span style=\"color: #0000ff;\">Campesinos de Palmira comienzan cosecha de d\u00e1tiles\u00a0<\/span><\/strong><\/p>\n<p style=\"text-align: justify;\">La temporada de cosecha de d\u00e1tiles comenz\u00f3 en el hist\u00f3rico oasis de \u201cHuertos de Palmira\u201d, despu\u00e9s de que los agricultores fueran privados de ello durante m\u00e1s de diez a\u00f1os debido a los actos terroristas en la regi\u00f3n.<\/p>\n<p style=\"text-align: justify;\">En un recorrido de SANA por el Oasis, varios agricultores mientras recog\u00edan racimos de d\u00e1tiles y sus rostros se llenaban de alegr\u00eda, se\u00f1alaron que el retorno del agua a la zona despu\u00e9s de su liberaci\u00f3n ayud\u00f3 a devolverle la vida a las palmas y el regreso de los agricultores a sus fincas.<\/p>\n<p style=\"text-align: justify;\">El jefe de la Oficina de Desarrollo Ambiental en Palmira, Ghassan Abdullah, confirm\u00f3 que el referido oasis se extiende a un \u00e1rea de aproximadamente 400 hect\u00e1reas y contiene alrededor de 80,000 palmeras de diferentes tipos.<\/p>\n<p style=\"text-align: justify;\"><strong><span style=\"color: #0000ff;\">Siria tendr\u00e1 mejor situaci\u00f3n econ\u00f3mica despu\u00e9s de reactivar el cruce fronterizo con Jordania, afirma Ministro de Finanzas<\/span><\/strong><\/p>\n<p style=\"text-align: justify;\">El ministro de Finanzas, Kinan Yaghi, destac\u00f3 que el pr\u00f3ximo per\u00edodo es de apertura econ\u00f3mica para Siria gracias a la reapertura del cruce fronterizo Nassib-Jaber entre Siria y Jordania.<\/p>\n<p style=\"text-align: justify;\">Durante un recorrido por el referido cruce, Yaghi enfatiz\u00f3 la necesidad de que los pasos fronterizos est\u00e9n equipados con todo lo necesario para el comercio exterior, ya sea para exportaci\u00f3n, importaci\u00f3n o para pasajeros.<\/p>\n<p style=\"text-align: justify;\">\u201cHemos realizado un recorrido para estar informados sobre la disponibilidad del cruce para los pr\u00f3ximos d\u00edas\u201d, agreg\u00f3.<\/p>\n<p style=\"text-align: justify;\">En la v\u00edspera, se reanudaron los trabajos en el cruce fronterizo Nassib-Jaber con Jordania para recibir el tr\u00e1fico de pasajeros y cargas con el fin de estimular el comercio y el turismo entre los dos pa\u00edses.<\/p>\n<p style=\"text-align: justify;\"><strong><span style=\"color: #0000ff;\">Embajador de Brasil en Damasco manifiesta disposici\u00f3n de su pa\u00eds de contribuir a la reconstrucci\u00f3n de Siria<\/span><\/strong><\/p>\n<p style=\"text-align: justify;\">El embajador brasile\u00f1o en Damasco, Fabio Vaz Petaluca, destac\u00f3 la necesidad de reactivar la labor del Consejo Empresarial Sirio-Brasile\u00f1o y fortalecer las relaciones entre la C\u00e1mara de Industria de Damasco y la C\u00e1mara \u00c1rabe-Brasile\u00f1a, adem\u00e1s de la importancia de recuperar el intercambio comercial entre las dos naciones.<\/p>\n<p style=\"text-align: justify;\">Durante su visita a la C\u00e1mara de Industria de Damasco y su reuni\u00f3n con su Junta Directiva, el embajador Petaluka expres\u00f3 la disposici\u00f3n de su pa\u00eds de contribuir a la reconstrucci\u00f3n, y en este sentido, dijo que es importante identificar lo que se necesita en la pr\u00f3xima etapa a nivel de industrias pesadas y materiales de reconstrucci\u00f3n.<\/p>\n<p style=\"text-align: justify;\">Hizo un llamado a los empresarios e industriales sirios para conocer de cerca el mercado brasile\u00f1o y los desarrollos t\u00e9cnicos que presencia la industria brasile\u00f1a.<\/p>\n<p style=\"text-align: justify;\">Por su parte, el jefe de la C\u00e1mara de Industria de Damasco, Samer Al-Debs, afirm\u00f3 que es necesario organizar un encuentro virtual para empresarios de los dos pa\u00edses para plantear todos los obst\u00e1culos y problemas que enfrenta el industrial y el importador sirio.<\/p>\n<p style=\"text-align: justify;\">En la reuni\u00f3n, participaron varios miembros de la Junta Directiva de la C\u00e1mara, quienes presentaron una serie de ideas que ayudan a mejorar el intercambio comercial entre los dos pa\u00edses.<\/p>\n<p style=\"text-align: justify;\"><span style=\"color: #0000ff;\"><strong>Hospital Universitario de Cirug\u00eda Card\u00edaca en Alepo recibe a pacientes con Covid-19<\/strong><\/span><\/p>\n<p style=\"text-align: justify;\">El Hospital Universitario de Cardiolog\u00eda y Cirug\u00eda de Alepo sigue recibiendo pacientes sospechosos de estar infectados con covid-19 a una tasa de 60 a 75 pacientes por d\u00eda.<\/p>\n<p style=\"text-align: justify;\">El m\u00e9dico, Tamim Azzawi, director del Hospital, inform\u00f3 a SANA que el hospital fue designado para servir como auxiliar de los hospitales afiliados al Ministerio de Salud para enfrentar el COVID-19.<\/p>\n<p style=\"text-align: justify;\">Agreg\u00f3 que el hospital tiene una capacidad de 28 camas, de las cuales 6 est\u00e1n dedicadas a cuidados intensivos, y los pacientes son sometidos a un per\u00edodo de tratamiento que va desde una semana a quince d\u00edas, durante los cuales se brindan los medicamentos y primeros auxilios necesarios a los pacientes.<\/p>\n<p style=\"text-align: justify;\"><strong><span style=\"color: #0000ff;\">Inaugurada sexta edici\u00f3n de la Feria \u201cRebuild Syria 2021\u201d en Expo-Damasco\u00a0<\/span><\/strong><\/p>\n<p style=\"text-align: justify;\">La sexta edici\u00f3n de la Feria Internacional de Reconstrucci\u00f3n de Siria (Rebuild 2021) se inaugur\u00f3 hoy en el recinto ferial de Expo-Damasco.<\/p>\n<p style=\"text-align: justify;\">El evento es organizado por la Fundaci\u00f3n Al-Bashiq para Ferias y Conferencias Internacionales, del 29 de septiembre al 3 de octubre, con la participaci\u00f3n de m\u00e1s de 190 empresas nacionales e internacionales.El evento tiene como objetivo asegurar los requisitos del proceso de reconstrucci\u00f3n y presentar nuevos productos y tecnolog\u00edas en este campo a las empresas del sector p\u00fablico y privado, adem\u00e1s de abrir perspectivas de cooperaci\u00f3n y comunicaci\u00f3n entre empresas locales y extranjeras.<\/p>\n<p style=\"text-align: justify;\">El ministro de Obras P\u00fablicas y Vivienda, Suhail Abdel Latif, afirm\u00f3 en una declaraci\u00f3n a la prensa luego de su recorrido por la exposici\u00f3n, que la reconstrucci\u00f3n necesita tales eventos para que el cliente y el contratista est\u00e9n en contacto directo y se familiaricen con el \u00faltimos desarrollos en la industria de materiales de construcci\u00f3n.<\/p>\n<p style=\"text-align: justify;\"><strong><span style=\"color: #0000ff;\">240 instalaciones artesanales e industriales entran en fase de producci\u00f3n en Damasco-campo<\/span><\/strong><\/p>\n<p style=\"text-align: justify;\">La provincia de Damasco-campo atestigua crecimiento significativo en el n\u00famero de instalaciones industriales y artesanales, seg\u00fan afirma Muhammad Fayyad, director de Industria en la provincia.<\/p>\n<p style=\"text-align: justify;\">Revel\u00f3 a SANA que se pusieron en producci\u00f3n 240 instalaciones artesanales e industriales con un capital de m\u00e1s de 15 mil millones de libras sirias, y una tasa de implementaci\u00f3n del 30 por ciento del total de 881 instalaciones autorizadas con un capital de 83 mil millones de libras sirias desde principios de este a\u00f1o.<\/p>\n<p style=\"text-align: justify;\">El directivo anunci\u00f3 que hubo aumento en el n\u00famero de establecimientos industriales licenciados en la provincia durante los \u00faltimos dos meses, ya que se otorgaron licencias a 120 establecimientos con un capital de m\u00e1s de 12 mil millones de libras, lo que ofrecer\u00e1 1,635 oportunidades de trabajo.<\/p>\n<p style=\"text-align: justify;\">Asimismo, se implementaron 17 establecimientos artesanales con un capital de 74,5 millones de libras, mientras se licenciaron 21 establecimientos con un capital de 248 millones de libras.<\/p>\n<p style=\"text-align: justify;\"><strong><span style=\"color: #0000ff;\">Latakia producir\u00e1 esta temporada m\u00e1s de 35 mil toneladas de manzana<\/span><\/strong><\/p>\n<p style=\"text-align: justify;\">La provincia de Latakia producir\u00e1 esta temporada unas 35.594 mil toneladas de manzana, seg\u00fan inform\u00f3, Qais Ghazal, de la Direcci\u00f3n de Agricultura.<\/p>\n<p style=\"text-align: justify;\">Destac\u00f3 que la manzana es uno de los importantes cultivos en las zonas monta\u00f1osas por el buen ingreso que genera a los agricultores.<\/p>\n<p style=\"text-align: justify;\">Precis\u00f3 que la mayor\u00eda de las variedades de manzanas producidas en la provincia costera son Golden y Starking, y todas pueden ser almacenadas hasta 7 meses.<\/p>\n<p style=\"text-align: justify;\">Explic\u00f3 que la superficie total cultivada con manzanos en Latakia llega a 2700 hect\u00e1reas, y agreg\u00f3 que el n\u00famero de los \u00e1rboles plantados es de 912230, de los cuales 805335 son frutales.<\/p>\n<p style=\"text-align: justify;\">Es de recordar que el a\u00f1o pasado, la provincia costera produjo unas 30 mil toneladas de manzana.<\/p>\n<p style=\"text-align: justify;\"><strong><span style=\"color: #0000ff;\">Reabierto cruce fronterizo de Nassib con Jordania<\/span><\/strong><\/p>\n<p style=\"text-align: justify;\">El cruce fronterizo de Nassib con Jordania fue reabierto hoy ante el movimiento de mercanc\u00edas y pasajeros<\/p>\n<p style=\"text-align: justify;\">La reapertura del referido cruce se produjo despu\u00e9s de fruct\u00edferas y extensas conversaciones de una delegaci\u00f3n ministerial siria en Jordania donde se acord\u00f3 fortalecer la cooperaci\u00f3n en campos del transporte, comercio y agua.<\/p>\n<p style=\"text-align: justify;\">El coronel Mazen Ghandour, jefe del Centro de Inmigraci\u00f3n de Nassib, dijo a SANA que el cruce fronterizo volvi\u00f3 a operar como estaba antes de la pandemia del nuevo Coronavirus.<\/p>\n<p style=\"text-align: justify;\">Aclar\u00f3 que el cruce volvi\u00f3 a funcionar por primera vez el 15 de octubre de 2018 pero se cerr\u00f3 en marzo de 2020 por la pandemia del nuevo Coronavirus, y cinco meses despu\u00e9s se reabri\u00f3 s\u00f3lo para el paso de los inversores sirios y jordanos.<\/p>\n<p style=\"text-align: justify;\">Los ministerios del Interior de Siria y Jordania acordaron reabrir el cruce el 1 de agosto pasado.<\/p>\n<p style=\"text-align: justify;\"><span style=\"color: #0000ff;\"><strong>Siria y Jordania acuerdan mecanismo de trabajo conjunto para impulsar la cooperaci\u00f3n en varios campos<\/strong><\/span><\/p>\n<p style=\"text-align: justify;\">Siria y Jordania acordaron hoy mecanismos conjuntos de trabajo, entendimientos y cronogramas para mejorar la cooperaci\u00f3n en los campos de comercio, energ\u00eda, agricultura, agua y transporte.<\/p>\n<p style=\"text-align: justify;\">Estos acuerdos fueron anunciados en la clausura en la capital Amm\u00e1n de las reuniones conjuntas a nivel ministerial, seg\u00fan report\u00f3 el corresponsal de SANA.<\/p>\n<p style=\"text-align: justify;\">La ministra de Industria y Comercio de Jordania, Maha Ali, hab\u00eda anunciado que las reuniones de la delegaci\u00f3n ministerial siria con sus hom\u00f3logos en Jordania abordaron el intercambio comercial y el tr\u00e1nsito de camiones.<\/p>\n<p style=\"text-align: justify;\">La apertura de la Zona Franca conjunta jordano-siria entre los dos pa\u00edses fue tambi\u00e9n tema de debate, adem\u00e1s de temas relativos a los sectores de electricidad, agua y agricultura.<\/p>\n<p style=\"text-align: justify;\">La delegaci\u00f3n siria incluy\u00f3 los ministros de Econom\u00eda y Comercio Exterior, de Recursos H\u00eddricos, de Agricultura y Reforma Agraria, y de Electricidad.<\/p>\n<p style=\"text-align: justify;\"><strong><span style=\"color: #0000ff;\">Canciller sirio analiza con Steiner el trabajo del Programa de Naciones Unidas para el Desarrollo en Siria<\/span><\/strong><\/p>\n<p style=\"text-align: justify;\">El Ministro de Exteriores y Expatriados, Faisal al-Mekdad, convers\u00f3 hoy con el Director Ejecutivo del Programa de las Naciones Unidas para el Desarrollo, Achim Steiner, en Nueva York, el trabajo del Programa en Siria y las formas de mejorar sus actividades con respecto a la recuperaci\u00f3n temprana.<\/p>\n<p style=\"text-align: justify;\">Durante el encuentro, se abord\u00f3 la necesidad de aprobar lo antes posible el marco estrat\u00e9gico de cooperaci\u00f3n entre el gobierno sirio y las Naciones Unidas, a fin de permitir que el Programa avance en sus actividades de desarrollo.<\/p>\n<p style=\"text-align: justify;\">La reuni\u00f3n cont\u00f3 con la presencia del viceministro de Relaciones Exteriores y Expatriados, Bashar al-Jaafari.<\/p>\n<p style=\"text-align: justify;\"><strong><span style=\"color: #0000ff;\">Siria plantea 38 plantas industriales estatales para la inversi\u00f3n<\/span><\/strong><\/p>\n<p style=\"text-align: justify;\">El Ministerio de Industria plante\u00f3 38 plantas, algunas detenidas y otras saboteadas, para la inversi\u00f3n en asociaci\u00f3n con entidades privadas y de pa\u00edses amigos.<\/p>\n<p style=\"text-align: justify;\">Las instalaciones incluyen siete plantas de la Empresa Estatal de Industrias Mec\u00e1nicas, ocho de la Empresa Estatal de Industrias Qu\u00edmicas, siete de la Industrias Alimentarias y cinco de la Empresa de Cemento y Materiales de Construcci\u00f3n.<\/p>\n<p style=\"text-align: justify;\">Tambi\u00e9n, incluye nueve instalaciones de la empresa Estatal de Industrias Textiles y otras dos de la Empresa Estatal de Procesamiento de Az\u00facar.<\/p>\n<p style=\"text-align: justify;\"><strong><span style=\"color: #0000ff;\">Siria y Serbia buscan mejorar cooperaci\u00f3n en campos de comercio e inversi\u00f3n<\/span><\/strong><\/p>\n<p style=\"text-align: justify;\">El primer ministro, Hussein Arnous, discuti\u00f3 con el embajador de la Rep\u00fablica de Serbia en Siria, Radovan Stojanovic, las formas para mejorar las relaciones bilaterales entre ambas naciones.<\/p>\n<p style=\"text-align: justify;\">El premier sirio manifest\u00f3 el deseo de Siria de mejorar y desarrollar la cooperaci\u00f3n entre los dos pa\u00edses, as\u00ed como la necesidad de formar un comit\u00e9 gubernamental conjunto para impulsar el desarrollo de las relaciones en varios niveles.<\/p>\n<p style=\"text-align: justify;\">Adem\u00e1s, se refiri\u00f3 a la necesidad de apoyar las actividades econ\u00f3micas de los sectores p\u00fablicos y privados en los dos pa\u00edses a fin de cooperar y llevar a cabo proyectos conjuntos y abrir el camino al intercambio comercial, adem\u00e1s de intercambiar experiencias en el campo de mejorar la realidad de los heridos de guerra en los dos Estados.<\/p>\n<p style=\"text-align: justify;\">Por su parte, el embajador serbio expres\u00f3 el deseo de su pa\u00eds de elevar el nivel de las relaciones con Siria en diversos campos, y manifest\u00f3 su disposici\u00f3n de participar en la reconstrucci\u00f3n de Siria, dado que Serbia es uno de los pa\u00edses que tiene buena experiencia en este campo.<\/p>\n<p style=\"text-align: justify;\"><strong><span style=\"color: #0000ff;\">Siria triplica su producci\u00f3n de miel<\/span><\/strong><\/p>\n<p style=\"text-align: justify;\">La jefa del Departamento de Apicultura del Ministerio de Agricultura, Lama Hallaq, afirm\u00f3 que la producci\u00f3n de miel esta temporada fue tres veces m\u00e1s abundante que la temporada pasada, y ascendi\u00f3 a casi 5.000 toneladas.<\/p>\n<p style=\"text-align: justify;\">Hallaq se\u00f1al\u00f3 que prolongar el per\u00edodo de autorizaci\u00f3n para la importaci\u00f3n de abejas y varios productos de la colmena, y suministros ap\u00edcolas, permitir\u00e1 compensar el d\u00e9ficit, desarrollar el sector ap\u00edcola y lograr mejores ingresos para los apicultores.<\/p>\n<p style=\"text-align: justify;\">El Primer Ministro, Hussein Arnous, hab\u00eda aceptado la recomendaci\u00f3n del Comit\u00e9 Econ\u00f3mico de extender el per\u00edodo de permitir a todos los importadores importar abejas y todos los requisitos de apicultura hasta el 30 de junio de 2022.<\/p>\n<p style=\"text-align: justify;\"><strong><span style=\"color: #0000ff;\">Equipo sirio-liban\u00e9s comienza obras de mantenimiento del gasoducto \u00e1rabe<\/span><\/strong><\/p>\n<p style=\"text-align: justify;\">Un equipo t\u00e9cnico conjunto del Ministerio de Petr\u00f3leo y Recursos Minerales de Siria y de su contraparte liban\u00e9s, comenz\u00f3 a evaluar el estado del Gasoducto \u00c1rabe que se extiende desde la estaci\u00f3n Dabousiya en la frontera sirio-libanesa, hasta la estaci\u00f3n de Deir Ammar en el L\u00edbano.<\/p>\n<p style=\"text-align: justify;\">Por medio de un comunicado, el ministerio sirio inform\u00f3 que se espera que el equipo complete su trabajo y publique su informe sobre la capacidad t\u00e9cnica del gasoducto en el lado liban\u00e9s.<\/p>\n<p style=\"text-align: justify;\">Es de se\u00f1alar que los ministros de Petr\u00f3leo y Energ\u00eda de Siria, Jordania, Egipto y L\u00edbano llegaron a un acuerdo durante una reuni\u00f3n celebrada el 8 de este mes, en la capital jordana, Amm\u00e1n, sobre una hoja de ruta para el suministro de gas egipcio al L\u00edbano.<\/p>\n<p style=\"text-align: justify;\"><strong><span style=\"color: #0000ff;\">Ponen en marcha dos nuevos centros de servicios electr\u00f3nicos en Deir Ezzor y Sweida<\/span><\/strong><\/p>\n<p style=\"text-align: justify;\">Como parte de su estrategia de servicios electr\u00f3nicos, el Ministerio de Comunicaciones y Tecnolog\u00eda de Siria ha puesto en marcha dos nuevos centros de servicios electr\u00f3nicos de atenci\u00f3n al ciudadano en las provincias de Deir Ezzor y Sweida.<\/p>\n<p style=\"text-align: justify;\">Estos centros brindan servicios de expedici\u00f3n de documentos del registro civil y antecedentes penales, entre otros servicios electr\u00f3nicos integrales.<\/p>\n<p style=\"text-align: justify;\">En una declaraci\u00f3n a los periodistas, el ministro de Comunicaciones y Tecnolog\u00eda, Iyad Al-Khatib, destac\u00f3 que con la apertura de centros en las provincias de Deir Ezzor y Sweida, se elev\u00f3 a 9 el n\u00famero de provincias que cuentan con centros electr\u00f3nicos de atenci\u00f3n al ciudadano.<\/p>\n<p style=\"text-align: justify;\">Al-Khatib indic\u00f3 que en un futuro pr\u00f3ximo, tambi\u00e9n est\u00e1 previsto abrir un centro de servicios electr\u00f3nicos de atenci\u00f3n al ciudadano en la provincia de Deraa.<\/p>\n<p style=\"text-align: justify;\">Destac\u00f3 que los servicios p\u00fablicos se brindan a trav\u00e9s de los centros electr\u00f3nicos de atenci\u00f3n al ciudadano con el fin de garantizar la transparencia, reducir el desperdicio de recursos, combatir la corrupci\u00f3n, y agreg\u00f3 que la transformaci\u00f3n digital de todos los servicios p\u00fablicos continuar\u00e1.<\/p>\n<p style=\"text-align: justify;\">A finales del a\u00f1o pasado, el presidente Bashar al-Assad lanz\u00f3 varios servicios electr\u00f3nicos, destacando que en vista de las dif\u00edciles condiciones en las que viven los sirios hoy en d\u00eda, los servicios electr\u00f3nicos son m\u00e1s necesarios de lo habitual, y agreg\u00f3: \u201cEs imposible hablar de lucha contra la corrupci\u00f3n, reducci\u00f3n del despilfarro, equidad, mejora de servicios y est\u00e1ndares de vida sin sistemas automatizados\u201d.<\/p>\n<p style=\"text-align: justify;\"><strong><span style=\"color: #0000ff;\">\u201cJuntos Podemos\u201d\u2026 Una iniciativa civil para limpiar y embellecer la vieja ciudad de Homs<\/span><\/strong><\/p>\n<p style=\"text-align: justify;\">Bajo el t\u00edtulo \u201cJuntos Podemos\u201d, los residentes del casco viejo de la ciudad de Homs, en cooperaci\u00f3n con el Ayuntamiento, llevaron a cabo una iniciativa voluntaria para limpiar y embellecer los antiguos barrios de Homs.<\/p>\n<p style=\"text-align: justify;\">La iniciativa, lanzada desde los barrios de Al-Hamidieh y Bustan al-Diwan, est\u00e1 destinada a restaurar la belleza de estos barrios y borrar los efectos de la destrucci\u00f3n y distorsi\u00f3n de sus monumentos hist\u00f3ricos con la ayuda de los veh\u00edculos y equipos del ayuntamiento.<\/p>\n<p style=\"text-align: justify;\">El director de higiene del ayuntamiento, Imad al-Saleh, dijo a SANA que los talleres contin\u00faan los trabajos de reparaci\u00f3n y rehabilitaci\u00f3n, en t\u00e9rminos de abrir las calles y evacuar los escombros, as\u00ed como esterilizar los contenedores y limpiar las calles principales con agua a presi\u00f3n.<\/p>\n<p style=\"text-align: justify;\"><strong><span style=\"color: #0000ff;\">El caravasar Khan Suleiman Pasha en Damasco se somete a restauraci\u00f3n<\/span><\/strong><\/p>\n<p style=\"text-align: justify;\">Con el fin de preservar su car\u00e1cter arquitect\u00f3nico y patrimonial, la gobernaci\u00f3n de Damasco contin\u00faa las obras de rehabilitaci\u00f3n y restauraci\u00f3n del caravasar Khan Suleiman Pasha, ubicado en el mercado de Medhat Pasha (Calle Recta) en el antiguo Damasco.<\/p>\n<p style=\"text-align: justify;\">Tras su restauraci\u00f3n, esta antigua edificaci\u00f3n se convertir\u00e1 en un hotel de cinco estrellas, conservando su originalidad y su antiguo car\u00e1cter urban\u00edstico.<\/p>\n<p style=\"text-align: justify;\">Se emplean en los trabajos de rehabilitaci\u00f3n materiales tradicionales como las piedras de basalto, el carb\u00f3n, la cal y la tierra que fueron tra\u00eddos de las gobernaciones de Sweida y Hama, y de la regi\u00f3n del Qalamoun.<\/p>\n<p style=\"text-align: justify;\">Ser\u00e1 un hotel \u00fanico de su tipo en el Viejo Damasco con un \u00e1rea de m\u00e1s de 2000 metros cuadrados, e incluir\u00e1 20 habitaciones y salones de usos m\u00faltiples, adem\u00e1s de un espacio interior en el medio que se puede utilizar para actividades interactivas como exposiciones o eventos tur\u00edsticos.<\/p>\n<p style=\"text-align: justify;\">Este proyecto seg\u00fan los supervisores, contribuyen al regreso del Viejo Damasco a la Lista del Patrimonio Mundial y su eliminaci\u00f3n de la Lista del Patrimonio en Peligro.<\/p>\n<p style=\"text-align: justify;\">Khan Suleiman Pasha fue construido entre 1732 y 1739 d.C., se encuentra dentro de las murallas de la ciudad vieja de Damasco.<\/p>\n<p style=\"text-align: justify;\"><strong><span style=\"color: #0000ff;\">Deir Ezzor rehabilita tierras agr\u00edcolas en zonas liberadas del terrorismo<\/span><\/strong><\/p>\n<p style=\"text-align: justify;\">El ministro de Agricultura, Muhammad Hassan Qatna, realiz\u00f3 una gira por la provincia de Deir Ezzor durante la cual fue informado sobre las \u00e1reas sembradas con cultivos estrat\u00e9gicos, y los problemas y dificultades que enfrenta el proceso agr\u00edcola en general.<\/p>\n<p style=\"text-align: justify;\">El ministro Qatna explic\u00f3 se est\u00e1 trabajando para devolver las tierras agr\u00edcolas en las \u00e1reas liberadas al proceso de producci\u00f3n y brindar apoyo y facilidades a los agricultores all\u00ed.<\/p>\n<p style=\"text-align: justify;\">En una declaraci\u00f3n a los periodistas, el Titular afirm\u00f3 que el objetivo de la gira es escuchar las demandas y sugerencias de los agricultores.<\/p>\n<p style=\"text-align: justify;\">A su vez, el gobernador de Deir Ezzor, Fadel Najjar, confirm\u00f3 que la gobernaci\u00f3n est\u00e1 haciendo todo lo posible para apoyar al sector agr\u00edcola que se ha reincorporado al proceso de producci\u00f3n.<\/p>\n<p style=\"text-align: justify;\"><strong><span style=\"color: #0000ff;\">Sweida produce este a\u00f1o m\u00e1s de 45 mil toneladas de manzanas<\/span><\/strong><\/p>\n<p style=\"text-align: justify;\">Los agricultores de la provincia siria de Sweida en el sur de Siria contin\u00faan su cosecha de manzanas en medio de estimaciones de una producci\u00f3n de alrededor de 45 mil 530 toneladas.<\/p>\n<p style=\"text-align: justify;\">Esta provincia ocupa el primer lugar en Siria con \u00e1reas de manzana que ascienden a 15 mil 549 hect\u00e1reas, seg\u00fan el subdirector de Agricultura, Alaa Shehayeb.<\/p>\n<p style=\"text-align: justify;\">A su vez, el jefe de la C\u00e1mara de Agricultura de Sweida, Hatem Abu Ras, se\u00f1al\u00f3 que hay m\u00e1s de 500 unidades de refrigeraci\u00f3n y almacenamiento de manzanas a nivel de gobernaci\u00f3n.<\/p>\n","protected":false},"excerpt":{"rendered":"<p>Damasco, 05 oct (SANA) A continuaci\u00f3n, resumen semanal de noticias que muestran la recuperaci\u00f3n de Siria a pesar del bloqueo, las sanciones y la guerra: Siria presente en la ExpoDubai 2020 Siria participa en la Expo Dub\u00e1i 2020 con un pabell\u00f3n que brinda una visi\u00f3n abarcadora sobre historia, cultura, artes y econom\u00eda de Siria. La &hellip;<\/p>\n","protected":false},"author":35,"featured_media":199965,"comment_status":"closed","ping_status":"closed","sticky":false,"template":"","format":"standard","meta":{"footnotes":""},"categories":[447,555,597,485,476,515,7541,1],"tags":[],"class_list":["post-199961","post","type-post","status-publish","format-standard","has-post-thumbnail","","category-local-politica","category-prensa","category-cinta-de-noticias","category-informes-negocios-y-finanzas","category-locales","category-noticias-arte-y-cultura","category-ultimas-noticias","category-news-not-sorted"],"_links":{"self":[{"href":"https:\/\/archive.sana.sy\/es\/index.php?rest_route=\/wp\/v2\/posts\/199961"}],"collection":[{"href":"https:\/\/archive.sana.sy\/es\/index.php?rest_route=\/wp\/v2\/posts"}],"about":[{"href":"https:\/\/archive.sana.sy\/es\/index.php?rest_route=\/wp\/v2\/types\/post"}],"author":[{"embeddable":true,"href":"https:\/\/archive.sana.sy\/es\/index.php?rest_route=\/wp\/v2\/users\/35"}],"replies":[{"embeddable":true,"href":"https:\/\/archive.sana.sy\/es\/index.php?rest_route=%2Fwp%2Fv2%2Fcomments&post=199961"}],"version-history":[{"count":0,"href":"https:\/\/archive.sana.sy\/es\/index.php?rest_route=\/wp\/v2\/posts\/199961\/revisions"}],"wp:featuredmedia":[{"embeddable":true,"href":"https:\/\/archive.sana.sy\/es\/index.php?rest_route=\/wp\/v2\/media\/199965"}],"wp:attachment":[{"href":"https:\/\/archive.sana.sy\/es\/index.php?rest_route=%2Fwp%2Fv2%2Fmedia&parent=199961"}],"wp:term":[{"taxonomy":"category","embeddable":true,"href":"https:\/\/archive.sana.sy\/es\/index.php?rest_route=%2Fwp%2Fv2%2Fcategories&post=199961"},{"taxonomy":"post_tag","embeddable":true,"href":"https:\/\/archive.sana.sy\/es\/index.php?rest_route=%2Fwp%2Fv2%2Ftags&post=199961"}],"curies":[{"name":"wp","href":"https:\/\/api.w.org\/{rel}","templated":true}]}}