{"id":200099,"date":"2021-10-06T13:56:31","date_gmt":"2021-10-06T10:56:31","guid":{"rendered":"http:\/\/107.6.182.27\/es\/?p=200099"},"modified":"2023-01-10T14:25:41","modified_gmt":"2023-01-10T12:25:41","slug":"jaafari-atribuye-la-guerra-contra-siria-a-sus-posiciones-arabes-y-unitarias-de-principio","status":"publish","type":"post","link":"https:\/\/archive.sana.sy\/es\/?p=200099","title":{"rendered":"Jaafari atribuye la guerra contra Siria a sus posiciones \u00e1rabes y unitarias de principio"},"content":{"rendered":"<p style=\"text-align: justify;\"><span style=\"color: #800000;\"><strong>Damasco, 6 oct (SANA)<\/strong><\/span>\u00a0\u00a0 El viceministro de Exteriores y Expatriados, Bashar al-Jaafari, afirm\u00f3 que \u201cSiria no puede equivocarse en su pol\u00edtica exterior desde un punto de vista estrat\u00e9gico y que el tiempo demostr\u00f3 la veracidad de la postura siria hacia muchos proyectos y acuerdos destinados a fragmentar y ocupar la regi\u00f3n.<\/p>\n<p style=\"text-align: justify;\">Esta postura de al-Jaafari fue expresada durante su reuni\u00f3n con una delegaci\u00f3n de varios jeques tribales, cl\u00e9rigos y dignatarios encabezados por el jeque Fayez Sheikh Abdul Rahman Sheikh Namis.<\/p>\n<p style=\"text-align: justify;\">La guerra en Siria es principalmente el resultado de liquidaci\u00f3n de viejas cuentas pol\u00edticas e hist\u00f3ricas, la mayor\u00eda de las cuales se deben a las posiciones \u00e1rabes y unitarias de principio de Siria, especialmente respecto a la causa palestina, dijo el Vicecanciller.<\/p>\n<p style=\"text-align: justify;\">Agreg\u00f3 que \u201cnadie ha pagado un precio por la independencia, orgullo y dignidad como el que pag\u00f3 Siria, que logr\u00f3 vencer a sus enemigos por mucho que sean, y cambi\u00f3 el orden mundial de unipolar a multipolar\u201d.<\/p>\n<p style=\"text-align: justify;\">Por su parte, la delegaci\u00f3n afirm\u00f3 que todos los clanes rechazan cualquier forma de ocupaci\u00f3n o manipulaci\u00f3n en la unidad territorial, social y demogr\u00e1fica de Siria.<\/p>\n<p style=\"text-align: justify;\">Manifestaron su voluntad de darlo todo por preservar la unidad del territorio y del pueblo de Siria bajo direcci\u00f3n del presidente Bashar al-Assad.<\/p>\n<p style=\"text-align: justify;\">fm<\/p>\n<p style=\"text-align: justify;\">\n","protected":false},"excerpt":{"rendered":"<p>Damasco, 6 oct (SANA)\u00a0\u00a0 El viceministro de Exteriores y Expatriados, Bashar al-Jaafari, afirm\u00f3 que \u201cSiria no puede equivocarse en su pol\u00edtica exterior desde un punto de vista estrat\u00e9gico y que el tiempo demostr\u00f3 la veracidad de la postura siria hacia muchos proyectos y acuerdos destinados a fragmentar y ocupar la regi\u00f3n. Esta postura de al-Jaafari &hellip;<\/p>\n","protected":false},"author":34,"featured_media":200100,"comment_status":"closed","ping_status":"closed","sticky":false,"template":"","format":"standard","meta":{"footnotes":""},"categories":[447,597,476,457,7541],"tags":[],"class_list":["post-200099","post","type-post","status-publish","format-standard","has-post-thumbnail","","category-local-politica","category-cinta-de-noticias","category-locales","category-noticias-arabe-internacional-politica","category-ultimas-noticias"],"_links":{"self":[{"href":"https:\/\/archive.sana.sy\/es\/index.php?rest_route=\/wp\/v2\/posts\/200099"}],"collection":[{"href":"https:\/\/archive.sana.sy\/es\/index.php?rest_route=\/wp\/v2\/posts"}],"about":[{"href":"https:\/\/archive.sana.sy\/es\/index.php?rest_route=\/wp\/v2\/types\/post"}],"author":[{"embeddable":true,"href":"https:\/\/archive.sana.sy\/es\/index.php?rest_route=\/wp\/v2\/users\/34"}],"replies":[{"embeddable":true,"href":"https:\/\/archive.sana.sy\/es\/index.php?rest_route=%2Fwp%2Fv2%2Fcomments&post=200099"}],"version-history":[{"count":0,"href":"https:\/\/archive.sana.sy\/es\/index.php?rest_route=\/wp\/v2\/posts\/200099\/revisions"}],"wp:featuredmedia":[{"embeddable":true,"href":"https:\/\/archive.sana.sy\/es\/index.php?rest_route=\/wp\/v2\/media\/200100"}],"wp:attachment":[{"href":"https:\/\/archive.sana.sy\/es\/index.php?rest_route=%2Fwp%2Fv2%2Fmedia&parent=200099"}],"wp:term":[{"taxonomy":"category","embeddable":true,"href":"https:\/\/archive.sana.sy\/es\/index.php?rest_route=%2Fwp%2Fv2%2Fcategories&post=200099"},{"taxonomy":"post_tag","embeddable":true,"href":"https:\/\/archive.sana.sy\/es\/index.php?rest_route=%2Fwp%2Fv2%2Ftags&post=200099"}],"curies":[{"name":"wp","href":"https:\/\/api.w.org\/{rel}","templated":true}]}}