{"id":200102,"date":"2021-10-06T14:17:14","date_gmt":"2021-10-06T11:17:14","guid":{"rendered":"http:\/\/107.6.182.27\/es\/?p=200102"},"modified":"2021-10-06T14:17:14","modified_gmt":"2021-10-06T11:17:14","slug":"ocupante-turco-bombardea-dos-pueblos-en-noroeste-de-hasakeh","status":"publish","type":"post","link":"https:\/\/archive.sana.sy\/es\/?p=200102","title":{"rendered":"Ocupante turco bombardea dos pueblos en noroeste de Hasakeh"},"content":{"rendered":"<p style=\"text-align: justify;\"><strong><span style=\"color: #800000;\">Hasakeh, 6 oct (SANA)\u00a0 \u00a0<\/span><\/strong>Las fuerzas de la ocupaci\u00f3n turcas y sus mercenarios terroristas atacaron este mi\u00e9rcoles los pueblos de Tal Kifji y al-Dardara en el \u00e1rea de Tal Tamer en el noroeste de la provincia de Hasakeh.<\/p>\n<p style=\"text-align: justify;\">Activistas locales informaron a SANA que los referidos pueblos fueron blancos de bombardeos artilleros y coheteriles desde las zonas ocupadas por Ankara en el extremo norte de Hasakeh.<\/p>\n<p style=\"text-align: justify;\">\u201cEl ataque caus\u00f3 da\u00f1os materiales en la infraestructura\u201d, detallaron.<\/p>\n<p style=\"text-align: justify;\">Las fuerzas de ocupaci\u00f3n turcas y sus mercenarios terroristas atacan las ciudades con proyectiles y cohetes, lo que provoca v\u00edctimas y heridos entre los residentes y da\u00f1os materiales en las propiedades p\u00fablicas y privadas.<\/p>\n<p style=\"text-align: justify;\">rr\/fm<\/p>\n","protected":false},"excerpt":{"rendered":"<p>Hasakeh, 6 oct (SANA)\u00a0 \u00a0Las fuerzas de la ocupaci\u00f3n turcas y sus mercenarios terroristas atacaron este mi\u00e9rcoles los pueblos de Tal Kifji y al-Dardara en el \u00e1rea de Tal Tamer en el noroeste de la provincia de Hasakeh. Activistas locales informaron a SANA que los referidos pueblos fueron blancos de bombardeos artilleros y coheteriles desde &hellip;<\/p>\n","protected":false},"author":31,"featured_media":200103,"comment_status":"closed","ping_status":"closed","sticky":false,"template":"","format":"standard","meta":{"footnotes":""},"categories":[597,573],"tags":[],"class_list":["post-200102","post","type-post","status-publish","format-standard","has-post-thumbnail","","category-cinta-de-noticias","category-la-realidad-de-los-acontecimientos-en-siria"],"_links":{"self":[{"href":"https:\/\/archive.sana.sy\/es\/index.php?rest_route=\/wp\/v2\/posts\/200102"}],"collection":[{"href":"https:\/\/archive.sana.sy\/es\/index.php?rest_route=\/wp\/v2\/posts"}],"about":[{"href":"https:\/\/archive.sana.sy\/es\/index.php?rest_route=\/wp\/v2\/types\/post"}],"author":[{"embeddable":true,"href":"https:\/\/archive.sana.sy\/es\/index.php?rest_route=\/wp\/v2\/users\/31"}],"replies":[{"embeddable":true,"href":"https:\/\/archive.sana.sy\/es\/index.php?rest_route=%2Fwp%2Fv2%2Fcomments&post=200102"}],"version-history":[{"count":0,"href":"https:\/\/archive.sana.sy\/es\/index.php?rest_route=\/wp\/v2\/posts\/200102\/revisions"}],"wp:featuredmedia":[{"embeddable":true,"href":"https:\/\/archive.sana.sy\/es\/index.php?rest_route=\/wp\/v2\/media\/200103"}],"wp:attachment":[{"href":"https:\/\/archive.sana.sy\/es\/index.php?rest_route=%2Fwp%2Fv2%2Fmedia&parent=200102"}],"wp:term":[{"taxonomy":"category","embeddable":true,"href":"https:\/\/archive.sana.sy\/es\/index.php?rest_route=%2Fwp%2Fv2%2Fcategories&post=200102"},{"taxonomy":"post_tag","embeddable":true,"href":"https:\/\/archive.sana.sy\/es\/index.php?rest_route=%2Fwp%2Fv2%2Ftags&post=200102"}],"curies":[{"name":"wp","href":"https:\/\/api.w.org\/{rel}","templated":true}]}}