{"id":200108,"date":"2021-10-06T15:19:46","date_gmt":"2021-10-06T12:19:46","guid":{"rendered":"http:\/\/107.6.182.27\/es\/?p=200108"},"modified":"2023-01-10T14:25:41","modified_gmt":"2023-01-10T12:25:41","slug":"rusia-e-iran-abogan-por-una-estabilidad-prolongada-en-siria","status":"publish","type":"post","link":"https:\/\/archive.sana.sy\/es\/?p=200108","title":{"rendered":"Ej\u00e9rcito sirio es capaz de lograr m\u00e1s victorias, afirma Berri"},"content":{"rendered":"<p style=\"text-align: justify;\"><span style=\"color: #800000;\"><strong>Beirut, 6 oct (SANA)<\/strong><\/span> El portavoz del Parlamento liban\u00e9s, Nabih Berri, afirm\u00f3 que los hombres del Ej\u00e9rcito \u00c1rabe Sirio que protagonizaron la Guerra de Liberaci\u00f3n de Octubre de 1973 contra Israel, son capaces hoy en d\u00eda de lograr m\u00e1s victorias frente al terrorismo y el bloqueo.<\/p>\n<p style=\"text-align: justify;\">Berri manifest\u00f3 en un comunicado emitido con motivo del 48 aniversario de la Guerra de Liberaci\u00f3n de Octubre, que en esta fecha Siria pas\u00f3 a una nueva fase marcada por victorias y liberaci\u00f3n.<\/p>\n<p style=\"text-align: justify;\">\u201cCon su victoria en octubre, Siria demostr\u00f3 la impotencia del poder sionista frente al derecho del \u00e1rabe a resistir para liberar su tierra y su pueblo\u201d, subray\u00f3.<\/p>\n<p style=\"text-align: justify;\">A su vez, el Frente de Acci\u00f3n Isl\u00e1mica en el L\u00edbano afirm\u00f3 que el Ej\u00e9rcito \u00c1rabe Sirio logr\u00f3 la victoria en octubre de 1973 a pesar del apoyo ilimitado de Estados Unidos al enemigo israel\u00ed.<\/p>\n<p style=\"text-align: justify;\">fm<\/p>\n<p style=\"text-align: justify;\">\n","protected":false},"excerpt":{"rendered":"<p>Beirut, 6 oct (SANA) El portavoz del Parlamento liban\u00e9s, Nabih Berri, afirm\u00f3 que los hombres del Ej\u00e9rcito \u00c1rabe Sirio que protagonizaron la Guerra de Liberaci\u00f3n de Octubre de 1973 contra Israel, son capaces hoy en d\u00eda de lograr m\u00e1s victorias frente al terrorismo y el bloqueo. Berri manifest\u00f3 en un comunicado emitido con motivo del &hellip;<\/p>\n","protected":false},"author":34,"featured_media":200110,"comment_status":"closed","ping_status":"closed","sticky":false,"template":"","format":"standard","meta":{"footnotes":""},"categories":[447,597,467],"tags":[],"class_list":["post-200108","post","type-post","status-publish","format-standard","has-post-thumbnail","","category-local-politica","category-cinta-de-noticias","category-siria-y-el-mundo"],"_links":{"self":[{"href":"https:\/\/archive.sana.sy\/es\/index.php?rest_route=\/wp\/v2\/posts\/200108"}],"collection":[{"href":"https:\/\/archive.sana.sy\/es\/index.php?rest_route=\/wp\/v2\/posts"}],"about":[{"href":"https:\/\/archive.sana.sy\/es\/index.php?rest_route=\/wp\/v2\/types\/post"}],"author":[{"embeddable":true,"href":"https:\/\/archive.sana.sy\/es\/index.php?rest_route=\/wp\/v2\/users\/34"}],"replies":[{"embeddable":true,"href":"https:\/\/archive.sana.sy\/es\/index.php?rest_route=%2Fwp%2Fv2%2Fcomments&post=200108"}],"version-history":[{"count":0,"href":"https:\/\/archive.sana.sy\/es\/index.php?rest_route=\/wp\/v2\/posts\/200108\/revisions"}],"wp:featuredmedia":[{"embeddable":true,"href":"https:\/\/archive.sana.sy\/es\/index.php?rest_route=\/wp\/v2\/media\/200110"}],"wp:attachment":[{"href":"https:\/\/archive.sana.sy\/es\/index.php?rest_route=%2Fwp%2Fv2%2Fmedia&parent=200108"}],"wp:term":[{"taxonomy":"category","embeddable":true,"href":"https:\/\/archive.sana.sy\/es\/index.php?rest_route=%2Fwp%2Fv2%2Fcategories&post=200108"},{"taxonomy":"post_tag","embeddable":true,"href":"https:\/\/archive.sana.sy\/es\/index.php?rest_route=%2Fwp%2Fv2%2Ftags&post=200108"}],"curies":[{"name":"wp","href":"https:\/\/api.w.org\/{rel}","templated":true}]}}