{"id":200109,"date":"2021-10-06T15:22:14","date_gmt":"2021-10-06T12:22:14","guid":{"rendered":"http:\/\/107.6.182.27\/es\/?p=200109"},"modified":"2021-10-06T15:22:14","modified_gmt":"2021-10-06T12:22:14","slug":"rusia-e-iran-abogan-por-una-estabilidad-prolongada-en-siria-2","status":"publish","type":"post","link":"https:\/\/archive.sana.sy\/es\/?p=200109","title":{"rendered":"Rusia e Ir\u00e1n abogan por una estabilidad prolongada en Siria"},"content":{"rendered":"<p style=\"text-align: justify;\"><strong><span style=\"color: #800000;\">Mosc\u00fa, 06 oct (SANA)\u00a0 \u00a0<\/span><\/strong>El canciller ruso Sergey Lavrov, y su hom\u00f3logo iran\u00ed, Hossein Amir Abdollahian, examinaron este mi\u00e9rcoles la posibilidad de acelerar la reanudaci\u00f3n del Plan de Acci\u00f3n Integral Conjunto sobre el Acuerdo Nuclear con Ir\u00e1n, adem\u00e1s de la situaci\u00f3n en Siria, Oriente Medio y \u00c1frica del Norte.<\/p>\n<p style=\"text-align: justify;\">\u201cSubrayamos la necesidad de lograr la estabilidad a largo plazo y mejorar la situaci\u00f3n econ\u00f3mica en Siria\u201d, afirm\u00f3 Lavrov en una rueda de prensa.<\/p>\n<p style=\"text-align: justify;\">Agreg\u00f3 que se abord\u00f3 tambi\u00e9n la pr\u00f3xima reuni\u00f3n del Comit\u00e9 Constitucional en Ginebra, y se enfatiz\u00f3 la continuaci\u00f3n de la cooperaci\u00f3n en el marco del formato de Astan\u00e1.<\/p>\n<p>rr\/fm<\/p>\n","protected":false},"excerpt":{"rendered":"<p>Mosc\u00fa, 06 oct (SANA)\u00a0 \u00a0El canciller ruso Sergey Lavrov, y su hom\u00f3logo iran\u00ed, Hossein Amir Abdollahian, examinaron este mi\u00e9rcoles la posibilidad de acelerar la reanudaci\u00f3n del Plan de Acci\u00f3n Integral Conjunto sobre el Acuerdo Nuclear con Ir\u00e1n, adem\u00e1s de la situaci\u00f3n en Siria, Oriente Medio y \u00c1frica del Norte. \u201cSubrayamos la necesidad de lograr la &hellip;<\/p>\n","protected":false},"author":31,"featured_media":200112,"comment_status":"closed","ping_status":"closed","sticky":false,"template":"","format":"standard","meta":{"footnotes":""},"categories":[597,467,7541],"tags":[],"class_list":["post-200109","post","type-post","status-publish","format-standard","has-post-thumbnail","","category-cinta-de-noticias","category-siria-y-el-mundo","category-ultimas-noticias"],"_links":{"self":[{"href":"https:\/\/archive.sana.sy\/es\/index.php?rest_route=\/wp\/v2\/posts\/200109"}],"collection":[{"href":"https:\/\/archive.sana.sy\/es\/index.php?rest_route=\/wp\/v2\/posts"}],"about":[{"href":"https:\/\/archive.sana.sy\/es\/index.php?rest_route=\/wp\/v2\/types\/post"}],"author":[{"embeddable":true,"href":"https:\/\/archive.sana.sy\/es\/index.php?rest_route=\/wp\/v2\/users\/31"}],"replies":[{"embeddable":true,"href":"https:\/\/archive.sana.sy\/es\/index.php?rest_route=%2Fwp%2Fv2%2Fcomments&post=200109"}],"version-history":[{"count":0,"href":"https:\/\/archive.sana.sy\/es\/index.php?rest_route=\/wp\/v2\/posts\/200109\/revisions"}],"wp:featuredmedia":[{"embeddable":true,"href":"https:\/\/archive.sana.sy\/es\/index.php?rest_route=\/wp\/v2\/media\/200112"}],"wp:attachment":[{"href":"https:\/\/archive.sana.sy\/es\/index.php?rest_route=%2Fwp%2Fv2%2Fmedia&parent=200109"}],"wp:term":[{"taxonomy":"category","embeddable":true,"href":"https:\/\/archive.sana.sy\/es\/index.php?rest_route=%2Fwp%2Fv2%2Fcategories&post=200109"},{"taxonomy":"post_tag","embeddable":true,"href":"https:\/\/archive.sana.sy\/es\/index.php?rest_route=%2Fwp%2Fv2%2Ftags&post=200109"}],"curies":[{"name":"wp","href":"https:\/\/api.w.org\/{rel}","templated":true}]}}