{"id":200117,"date":"2021-10-06T16:20:23","date_gmt":"2021-10-06T13:20:23","guid":{"rendered":"http:\/\/107.6.182.27\/es\/?p=200117"},"modified":"2023-01-10T14:25:41","modified_gmt":"2023-01-10T12:25:41","slug":"autoridades-continuan-normalizacion-del-estatus-juridico-de-nuevo-grupo-de-armados-y-profugos-de-enkhel-deraa","status":"publish","type":"post","link":"https:\/\/archive.sana.sy\/es\/?p=200117","title":{"rendered":"Contin\u00faa normalizaci\u00f3n del estatus jur\u00eddico de nuevo grupo de armados y pr\u00f3fugos de Enkhel\/Deraa"},"content":{"rendered":"<p style=\"text-align: justify\"><strong><span style=\"color: #800000\">Deraa, 6 oct (SANA)<\/span> <\/strong>Por el segundo d\u00eda, sigue en marcha el proceso de normalizaci\u00f3n del estatus jur\u00eddico de varios armados y pr\u00f3fugos de la ciudad de Enkhel y sus cercan\u00edas en el campo norte\u00f1o de Deraa luego de que se hayan entregado junto con sus armas al Ej\u00e9rcito sirio.<\/p>\n<p style=\"text-align: justify\">Este proceso va en el marco de la iniciativa planteada por el Estado sirio para restaurar la seguridad y estabilidad en la provincia sure\u00f1a de Deraa.<\/p>\n<p style=\"text-align: justify\">Ayer, decenas de armados y pr\u00f3fugos de la ciudad de Jassem depusieron sus armas y se incorporaron a la iniciativa.<\/p>\n<p style=\"text-align: justify\">Las autoridades competentes indultaron durante el pasado mes y el actual a decenas de armados de diferentes aldeas y localidades del campo norte y noroeste de Deraa.<\/p>\n<p style=\"text-align: justify\"><span style=\"color: #0000ff\"><em><strong>la<\/strong><\/em><\/span><\/p>\n<p style=\"text-align: justify\">\n","protected":false},"excerpt":{"rendered":"<p>Deraa, 6 oct (SANA) Por el segundo d\u00eda, sigue en marcha el proceso de normalizaci\u00f3n del estatus jur\u00eddico de varios armados y pr\u00f3fugos de la ciudad de Enkhel y sus cercan\u00edas en el campo norte\u00f1o de Deraa luego de que se hayan entregado junto con sus armas al Ej\u00e9rcito sirio. Este proceso va en el &hellip;<\/p>\n","protected":false},"author":24,"featured_media":200118,"comment_status":"closed","ping_status":"closed","sticky":false,"template":"","format":"standard","meta":{"footnotes":""},"categories":[447,597,573,7541],"tags":[],"class_list":["post-200117","post","type-post","status-publish","format-standard","has-post-thumbnail","","category-local-politica","category-cinta-de-noticias","category-la-realidad-de-los-acontecimientos-en-siria","category-ultimas-noticias"],"_links":{"self":[{"href":"https:\/\/archive.sana.sy\/es\/index.php?rest_route=\/wp\/v2\/posts\/200117"}],"collection":[{"href":"https:\/\/archive.sana.sy\/es\/index.php?rest_route=\/wp\/v2\/posts"}],"about":[{"href":"https:\/\/archive.sana.sy\/es\/index.php?rest_route=\/wp\/v2\/types\/post"}],"author":[{"embeddable":true,"href":"https:\/\/archive.sana.sy\/es\/index.php?rest_route=\/wp\/v2\/users\/24"}],"replies":[{"embeddable":true,"href":"https:\/\/archive.sana.sy\/es\/index.php?rest_route=%2Fwp%2Fv2%2Fcomments&post=200117"}],"version-history":[{"count":0,"href":"https:\/\/archive.sana.sy\/es\/index.php?rest_route=\/wp\/v2\/posts\/200117\/revisions"}],"wp:featuredmedia":[{"embeddable":true,"href":"https:\/\/archive.sana.sy\/es\/index.php?rest_route=\/wp\/v2\/media\/200118"}],"wp:attachment":[{"href":"https:\/\/archive.sana.sy\/es\/index.php?rest_route=%2Fwp%2Fv2%2Fmedia&parent=200117"}],"wp:term":[{"taxonomy":"category","embeddable":true,"href":"https:\/\/archive.sana.sy\/es\/index.php?rest_route=%2Fwp%2Fv2%2Fcategories&post=200117"},{"taxonomy":"post_tag","embeddable":true,"href":"https:\/\/archive.sana.sy\/es\/index.php?rest_route=%2Fwp%2Fv2%2Ftags&post=200117"}],"curies":[{"name":"wp","href":"https:\/\/api.w.org\/{rel}","templated":true}]}}