{"id":200121,"date":"2021-10-06T14:10:10","date_gmt":"2021-10-06T11:10:10","guid":{"rendered":"http:\/\/107.6.182.27\/es\/?p=200121"},"modified":"2023-01-10T14:25:41","modified_gmt":"2023-01-10T12:25:41","slug":"alemania-desmantela-una-red-que-financiaba-a-los-terroristas-del-frente-de-al-nusra-en-siria","status":"publish","type":"post","link":"https:\/\/archive.sana.sy\/es\/?p=200121","title":{"rendered":"Polic\u00eda alemana desmantela una red que financiaba a los terroristas del Frente de al-Nusra en Siria"},"content":{"rendered":"<p style=\"text-align: justify\"><strong><span style=\"color: #800000\">Berl\u00edn, 6 oct (SANA)<\/span> <\/strong>La polic\u00eda alemana logr\u00f3 desmantelar una red que lavaba dinero y lo transfer\u00eda a organizaciones terroristas en Siria.<\/p>\n<p style=\"text-align: justify\">La agencia Associated Press cit\u00f3 a la polic\u00eda de Dusseldorf diciendo que alrededor de mil polic\u00edas alemanes llevaron a cabo hoy una redada, la m\u00e1s amplia de su tipo en a\u00f1o, en los estados de Renania del Norte-Westfalia, Baja Sajonia y Bremen, en b\u00fasqueda de miembros de una c\u00e9lula que financia a la organizaci\u00f3n terrorista del \u201cFrente de al-Nusra\u201d en Siria.<\/p>\n<p style=\"text-align: justify\">Seg\u00fan la Fiscal\u00eda, un refugiado sirio de 39 a\u00f1os es el capo de esta red que incluye a 67 personas, y explic\u00f3 que la misma ha transferido m\u00e1s de 140 millones de euros a los terroristas al pa\u00eds \u00e1rabe.<\/p>\n<p style=\"text-align: justify\">Durante el operativo, la polic\u00eda confisc\u00f3 computadoras, tel\u00e9fonos, otras pertenencias de los sospechosos.<\/p>\n<p style=\"text-align: justify\">Por su parte, la emisora alemana \u201cWDR\u201d inform\u00f3 que la misma red envi\u00f3 millones de euros que hab\u00eda ganado del narcotr\u00e1fico y otras actividades ilegales a Turqu\u00eda y de all\u00ed a los grupos terroristas en Siria.<\/p>\n<p style=\"text-align: justify\"><span style=\"color: #0000ff\"><em><strong>la<\/strong><\/em><\/span><\/p>\n","protected":false},"excerpt":{"rendered":"<p>Berl\u00edn, 6 oct (SANA) La polic\u00eda alemana logr\u00f3 desmantelar una red que lavaba dinero y lo transfer\u00eda a organizaciones terroristas en Siria. La agencia Associated Press cit\u00f3 a la polic\u00eda de Dusseldorf diciendo que alrededor de mil polic\u00edas alemanes llevaron a cabo hoy una redada, la m\u00e1s amplia de su tipo en a\u00f1o, en los &hellip;<\/p>\n","protected":false},"author":24,"featured_media":200122,"comment_status":"closed","ping_status":"closed","sticky":false,"template":"","format":"standard","meta":{"footnotes":""},"categories":[447,597,467,7541],"tags":[],"class_list":["post-200121","post","type-post","status-publish","format-standard","has-post-thumbnail","","category-local-politica","category-cinta-de-noticias","category-siria-y-el-mundo","category-ultimas-noticias"],"_links":{"self":[{"href":"https:\/\/archive.sana.sy\/es\/index.php?rest_route=\/wp\/v2\/posts\/200121"}],"collection":[{"href":"https:\/\/archive.sana.sy\/es\/index.php?rest_route=\/wp\/v2\/posts"}],"about":[{"href":"https:\/\/archive.sana.sy\/es\/index.php?rest_route=\/wp\/v2\/types\/post"}],"author":[{"embeddable":true,"href":"https:\/\/archive.sana.sy\/es\/index.php?rest_route=\/wp\/v2\/users\/24"}],"replies":[{"embeddable":true,"href":"https:\/\/archive.sana.sy\/es\/index.php?rest_route=%2Fwp%2Fv2%2Fcomments&post=200121"}],"version-history":[{"count":0,"href":"https:\/\/archive.sana.sy\/es\/index.php?rest_route=\/wp\/v2\/posts\/200121\/revisions"}],"wp:featuredmedia":[{"embeddable":true,"href":"https:\/\/archive.sana.sy\/es\/index.php?rest_route=\/wp\/v2\/media\/200122"}],"wp:attachment":[{"href":"https:\/\/archive.sana.sy\/es\/index.php?rest_route=%2Fwp%2Fv2%2Fmedia&parent=200121"}],"wp:term":[{"taxonomy":"category","embeddable":true,"href":"https:\/\/archive.sana.sy\/es\/index.php?rest_route=%2Fwp%2Fv2%2Fcategories&post=200121"},{"taxonomy":"post_tag","embeddable":true,"href":"https:\/\/archive.sana.sy\/es\/index.php?rest_route=%2Fwp%2Fv2%2Ftags&post=200121"}],"curies":[{"name":"wp","href":"https:\/\/api.w.org\/{rel}","templated":true}]}}