{"id":200125,"date":"2021-10-06T15:00:30","date_gmt":"2021-10-06T12:00:30","guid":{"rendered":"http:\/\/107.6.182.27\/es\/?p=200125"},"modified":"2023-01-10T15:13:42","modified_gmt":"2023-01-10T13:13:42","slug":"reapertura-del-cruce-fronterizo-nassib-jaber-con-jordania-contribuira-a-revitalizar-economia-siria","status":"publish","type":"post","link":"https:\/\/archive.sana.sy\/es\/?p=200125","title":{"rendered":"Reapertura del cruce fronterizo Nassib-Jaber con Jordania contribuir\u00e1 a revitalizar econom\u00eda siria"},"content":{"rendered":"<p style=\"text-align: justify\"><strong><span style=\"color: #800000\">Deraa, 6 oct (SANA)<\/span><\/strong> El director de la C\u00e1mara de Comercio e Industria de Deraa, Qassem al-Masalma, confirm\u00f3 que la reapertura del paso fronterizo de Nassib-Jaber con Jordania contribuir\u00e1 a revitalizar la econom\u00eda siria.<\/p>\n<p style=\"text-align: justify\">\u201cLa situaci\u00f3n en el cruce est\u00e1 mejorando de forma paulatina en paralelo con la mejora de la situaci\u00f3n de seguridad\u201d, se\u00f1al\u00f3, y explic\u00f3 que el movimiento de la flota de carga aumentar\u00e1 en ambas direcciones y el volumen de las exportaciones sirias tanto agr\u00edcolas como industriales tambi\u00e9n incrementar\u00e1 hacia los estados del Golfo \u00c1rabe y Jordania, especialmente que el Golfo es uno de los mercados m\u00e1s importantes para los productos sirios.<\/p>\n<p style=\"text-align: justify\">Asimismo indic\u00f3 que el aumento del movimiento de los camiones sirios, jordanos y libaneses, contribuir\u00e1 a generar m\u00e1s aranceles aduaneras en moneda extranjera.<\/p>\n<p style=\"text-align: justify\">Al-Masalmeh destac\u00f3 la necesidad de que el gobierno apoye a los industriales para que rehabiliten sus f\u00e1bricas destruidas o las inoperativas en Deraa.<\/p>\n<p style=\"text-align: justify\">Cabe destacar que la zona franca sirio-jordana constituyen un espacio propicio para las actividades econ\u00f3micas, sobre todo que la misma abarcaba m\u00e1s de 100 f\u00e1bricas e instalaciones de producci\u00f3n.<\/p>\n<p style=\"text-align: justify\">\n<span style=\"color: #0000ff\"><em><strong>la<\/strong><\/em><\/span><\/p>\n","protected":false},"excerpt":{"rendered":"<p>Deraa, 6 oct (SANA) El director de la C\u00e1mara de Comercio e Industria de Deraa, Qassem al-Masalma, confirm\u00f3 que la reapertura del paso fronterizo de Nassib-Jaber con Jordania contribuir\u00e1 a revitalizar la econom\u00eda siria. \u201cLa situaci\u00f3n en el cruce est\u00e1 mejorando de forma paulatina en paralelo con la mejora de la situaci\u00f3n de seguridad\u201d, se\u00f1al\u00f3, &hellip;<\/p>\n","protected":false},"author":24,"featured_media":200126,"comment_status":"closed","ping_status":"closed","sticky":false,"template":"","format":"standard","meta":{"footnotes":""},"categories":[447,597,16686,485,7541],"tags":[],"class_list":["post-200125","post","type-post","status-publish","format-standard","has-post-thumbnail","","category-local-politica","category-cinta-de-noticias","category-economia","category-informes-negocios-y-finanzas","category-ultimas-noticias"],"_links":{"self":[{"href":"https:\/\/archive.sana.sy\/es\/index.php?rest_route=\/wp\/v2\/posts\/200125"}],"collection":[{"href":"https:\/\/archive.sana.sy\/es\/index.php?rest_route=\/wp\/v2\/posts"}],"about":[{"href":"https:\/\/archive.sana.sy\/es\/index.php?rest_route=\/wp\/v2\/types\/post"}],"author":[{"embeddable":true,"href":"https:\/\/archive.sana.sy\/es\/index.php?rest_route=\/wp\/v2\/users\/24"}],"replies":[{"embeddable":true,"href":"https:\/\/archive.sana.sy\/es\/index.php?rest_route=%2Fwp%2Fv2%2Fcomments&post=200125"}],"version-history":[{"count":0,"href":"https:\/\/archive.sana.sy\/es\/index.php?rest_route=\/wp\/v2\/posts\/200125\/revisions"}],"wp:featuredmedia":[{"embeddable":true,"href":"https:\/\/archive.sana.sy\/es\/index.php?rest_route=\/wp\/v2\/media\/200126"}],"wp:attachment":[{"href":"https:\/\/archive.sana.sy\/es\/index.php?rest_route=%2Fwp%2Fv2%2Fmedia&parent=200125"}],"wp:term":[{"taxonomy":"category","embeddable":true,"href":"https:\/\/archive.sana.sy\/es\/index.php?rest_route=%2Fwp%2Fv2%2Fcategories&post=200125"},{"taxonomy":"post_tag","embeddable":true,"href":"https:\/\/archive.sana.sy\/es\/index.php?rest_route=%2Fwp%2Fv2%2Ftags&post=200125"}],"curies":[{"name":"wp","href":"https:\/\/api.w.org\/{rel}","templated":true}]}}