{"id":200135,"date":"2021-10-06T18:16:42","date_gmt":"2021-10-06T15:16:42","guid":{"rendered":"http:\/\/107.6.182.27\/es\/?p=200135"},"modified":"2023-01-10T14:25:40","modified_gmt":"2023-01-10T12:25:40","slug":"conmemoran-en-ein-al-tineh-cerca-del-golan-ocupado-aniversario-de-la-guerra-de-octubre","status":"publish","type":"post","link":"https:\/\/archive.sana.sy\/es\/?p=200135","title":{"rendered":"Conmemoran en Ein al-Tineh cerca del Gol\u00e1n ocupado aniversario de la Guerra de Octubre"},"content":{"rendered":"<p style=\"text-align: justify\"><strong><span style=\"color: #800000\">Damasco, 6 oct (SANA)<\/span> <\/strong>Con motivo del 48\u00ba aniversario de la Guerra de Liberaci\u00f3n de Octubre, la Federaci\u00f3n de Estudiantes de Quneitra organiz\u00f3 este mi\u00e9rcoles una celebraci\u00f3n en la localidad de Ein al-Tineh cerca de la localidad de Maydal Shams en el Gol\u00e1n sirio ocupado.<\/p>\n<p style=\"text-align: justify\">Los participantes en el evento levantaron banderas de Siria y corearon consignas que alaban las heroicidades del Ej\u00e9rcito \u00c1rabe Sirio.<\/p>\n<p style=\"text-align: justify\">Algunos estudiantes explicaron que este mitin se est\u00e1 celebrando en la localidad de Ein al-Tineh para confirmar que los j\u00f3venes herederos del legado de la Guerra de Octubre no se han olvidado ni se olvidar\u00e1n de su tierra ocupada.<\/p>\n<p style=\"text-align: justify\">\u201cEste legado nos guiar\u00e1 para liberar por completo al Gol\u00e1n sirio ocupado\u201d, destacaron.<\/p>\n<p style=\"text-align: justify\">En la localidad adyacente de Maydal Shams, los residentes organizaron una concentraci\u00f3n para demostrar su apego a la madre patria y su continua lucha contra las pr\u00e1cticas del ocupante israel\u00ed.<\/p>\n<p style=\"text-align: justify\">\n<span style=\"color: #0000ff\"><strong><em>la<\/em><\/strong><\/span><\/p>\n","protected":false},"excerpt":{"rendered":"<p>Damasco, 6 oct (SANA) Con motivo del 48\u00ba aniversario de la Guerra de Liberaci\u00f3n de Octubre, la Federaci\u00f3n de Estudiantes de Quneitra organiz\u00f3 este mi\u00e9rcoles una celebraci\u00f3n en la localidad de Ein al-Tineh cerca de la localidad de Maydal Shams en el Gol\u00e1n sirio ocupado. Los participantes en el evento levantaron banderas de Siria y &hellip;<\/p>\n","protected":false},"author":24,"featured_media":200136,"comment_status":"closed","ping_status":"closed","sticky":false,"template":"","format":"standard","meta":{"footnotes":""},"categories":[447,597,476,7541],"tags":[],"class_list":["post-200135","post","type-post","status-publish","format-standard","has-post-thumbnail","","category-local-politica","category-cinta-de-noticias","category-locales","category-ultimas-noticias"],"_links":{"self":[{"href":"https:\/\/archive.sana.sy\/es\/index.php?rest_route=\/wp\/v2\/posts\/200135"}],"collection":[{"href":"https:\/\/archive.sana.sy\/es\/index.php?rest_route=\/wp\/v2\/posts"}],"about":[{"href":"https:\/\/archive.sana.sy\/es\/index.php?rest_route=\/wp\/v2\/types\/post"}],"author":[{"embeddable":true,"href":"https:\/\/archive.sana.sy\/es\/index.php?rest_route=\/wp\/v2\/users\/24"}],"replies":[{"embeddable":true,"href":"https:\/\/archive.sana.sy\/es\/index.php?rest_route=%2Fwp%2Fv2%2Fcomments&post=200135"}],"version-history":[{"count":0,"href":"https:\/\/archive.sana.sy\/es\/index.php?rest_route=\/wp\/v2\/posts\/200135\/revisions"}],"wp:featuredmedia":[{"embeddable":true,"href":"https:\/\/archive.sana.sy\/es\/index.php?rest_route=\/wp\/v2\/media\/200136"}],"wp:attachment":[{"href":"https:\/\/archive.sana.sy\/es\/index.php?rest_route=%2Fwp%2Fv2%2Fmedia&parent=200135"}],"wp:term":[{"taxonomy":"category","embeddable":true,"href":"https:\/\/archive.sana.sy\/es\/index.php?rest_route=%2Fwp%2Fv2%2Fcategories&post=200135"},{"taxonomy":"post_tag","embeddable":true,"href":"https:\/\/archive.sana.sy\/es\/index.php?rest_route=%2Fwp%2Fv2%2Ftags&post=200135"}],"curies":[{"name":"wp","href":"https:\/\/api.w.org\/{rel}","templated":true}]}}