{"id":200184,"date":"2021-10-06T20:50:47","date_gmt":"2021-10-06T17:50:47","guid":{"rendered":"http:\/\/107.6.182.27\/es\/?p=200184"},"modified":"2023-01-10T14:25:39","modified_gmt":"2023-01-10T12:25:39","slug":"armados-asesinan-a-disparos-a-dos-policias-en-izraa-deraa","status":"publish","type":"post","link":"https:\/\/archive.sana.sy\/es\/?p=200184","title":{"rendered":"Armados asesinan a disparos a dos polic\u00edas en Izraa\/Deraa"},"content":{"rendered":"<p style=\"text-align: justify\"><span style=\"color: #800000\"><strong>Deraa, 6 oct (SANA)<\/strong> <\/span>Dos polic\u00edas que operan en el municipio de Izraa en la provincia sure\u00f1a de Deraa, fueron asesinados a disparos por armados desconocidos en la autopista de Deraa.<\/p>\n<p style=\"text-align: justify\">En un comunicado, el Ministerio del Interior inform\u00f3 que los armados dispararon en la cabeza al teniente al-Heal Walid Adnan Al-Othman y al teniente Al-Heal Abdullah Khalil Al-Ezzo, quienes hab\u00edan terminado su jornada de trabajo.<\/p>\n<p style=\"text-align: justify\">El ataque ocurri\u00f3 en la carretera de Deraa cerca del complejo Ghazali, precis\u00f3 la nota, y agreg\u00f3 que los dos m\u00e1rtires fueron trasladados al Hospital Nacional de Deraa.<\/p>\n<p style=\"text-align: justify\"><span style=\"color: #0000ff\"><em>la\/fm<\/em><\/span><\/p>\n","protected":false},"excerpt":{"rendered":"<p>Deraa, 6 oct (SANA) Dos polic\u00edas que operan en el municipio de Izraa en la provincia sure\u00f1a de Deraa, fueron asesinados a disparos por armados desconocidos en la autopista de Deraa. En un comunicado, el Ministerio del Interior inform\u00f3 que los armados dispararon en la cabeza al teniente al-Heal Walid Adnan Al-Othman y al teniente &hellip;<\/p>\n","protected":false},"author":24,"featured_media":200185,"comment_status":"closed","ping_status":"closed","sticky":false,"template":"","format":"standard","meta":{"footnotes":""},"categories":[447,597,573,7541],"tags":[],"class_list":["post-200184","post","type-post","status-publish","format-standard","has-post-thumbnail","","category-local-politica","category-cinta-de-noticias","category-la-realidad-de-los-acontecimientos-en-siria","category-ultimas-noticias"],"_links":{"self":[{"href":"https:\/\/archive.sana.sy\/es\/index.php?rest_route=\/wp\/v2\/posts\/200184"}],"collection":[{"href":"https:\/\/archive.sana.sy\/es\/index.php?rest_route=\/wp\/v2\/posts"}],"about":[{"href":"https:\/\/archive.sana.sy\/es\/index.php?rest_route=\/wp\/v2\/types\/post"}],"author":[{"embeddable":true,"href":"https:\/\/archive.sana.sy\/es\/index.php?rest_route=\/wp\/v2\/users\/24"}],"replies":[{"embeddable":true,"href":"https:\/\/archive.sana.sy\/es\/index.php?rest_route=%2Fwp%2Fv2%2Fcomments&post=200184"}],"version-history":[{"count":0,"href":"https:\/\/archive.sana.sy\/es\/index.php?rest_route=\/wp\/v2\/posts\/200184\/revisions"}],"wp:featuredmedia":[{"embeddable":true,"href":"https:\/\/archive.sana.sy\/es\/index.php?rest_route=\/wp\/v2\/media\/200185"}],"wp:attachment":[{"href":"https:\/\/archive.sana.sy\/es\/index.php?rest_route=%2Fwp%2Fv2%2Fmedia&parent=200184"}],"wp:term":[{"taxonomy":"category","embeddable":true,"href":"https:\/\/archive.sana.sy\/es\/index.php?rest_route=%2Fwp%2Fv2%2Fcategories&post=200184"},{"taxonomy":"post_tag","embeddable":true,"href":"https:\/\/archive.sana.sy\/es\/index.php?rest_route=%2Fwp%2Fv2%2Ftags&post=200184"}],"curies":[{"name":"wp","href":"https:\/\/api.w.org\/{rel}","templated":true}]}}