{"id":200196,"date":"2021-10-07T08:15:00","date_gmt":"2021-10-07T05:15:00","guid":{"rendered":"http:\/\/107.6.182.27\/es\/?p=200196"},"modified":"2023-01-10T15:33:11","modified_gmt":"2023-01-10T13:33:11","slug":"titulares-de-la-agencia-sana-07-de-octubre-2021","status":"publish","type":"post","link":"https:\/\/archive.sana.sy\/es\/?p=200196","title":{"rendered":"Titulares de la agencia SANA, 07 de octubre 2021"},"content":{"rendered":"<p><span style=\"color: #800000;\"><strong>Damasco, 07 de oct (SANA)\u00a0<\/strong><\/span><\/p>\n<p>????Bajo los auspicios del presidente al-Assad, egresada una nueva promoci\u00f3n de oficiales de la Academia Militar.<\/p>\n<p>????Conmemoran en Ein al-Tineh cerca del Gol\u00e1n ocupado aniversario de la Guerra de Octubre.<\/p>\n<p>????Siria e Irak examinan cooperaci\u00f3n en materia de seguridad y lucha contra el terrorismo.<\/p>\n<p>????Los ministros de Energ\u00eda y Electricidad de Siria, Jordania y L\u00edbano acordaron hoy un plan de acci\u00f3n y un cronograma para reactivar las l\u00edneas de interconexi\u00f3n el\u00e9ctrica entre los tres pa\u00edses.<\/p>\n<p>????Conversaciones sirio-cubanas para impulsar las relaciones econ\u00f3micas.<\/p>\n<p>????\u201c120 Minutos\u201d documenta heroicas batallas contra el Daesh en Sweida.<\/p>\n<p>????Cuatro palestinos v\u00edctimas de nueva jornada de arrestos arbitrarios del ocupante israel\u00ed.<\/p>\n<p>????La ocupaci\u00f3n estadounidense del territorio sirio viola el Derecho Internacional.<\/p>\n<p>????Bloqueo y sanciones equivalen a actos de terrorismo, afirma Teher\u00e1n ante la ONU.<\/p>\n<p>????Fuerzas Navales de Siria, part\u00edcipes en la victoria de octubre de 1973.<\/p>\n<p>????Golaneses conmemoran con orgullo la Guerra de Liberaci\u00f3n de Octubre.<\/p>\n<p>????Jaafari atribuye la guerra contra Siria a sus posiciones \u00e1rabes y unitarias de principio.<\/p>\n<p>????Ocupante turco bombardea dos pueblos en noroeste de Hasakeh.<\/p>\n<p>????Cooperaci\u00f3n conjunta beneficia intereses de Jordania, L\u00edbano y Siria, afirma Premier jordano.<\/p>\n<p>????Rusia e Ir\u00e1n abogan por una estabilidad prolongada en Siria????????????????????????.<\/p>\n<p>????Ej\u00e9rcito sirio es capaz de lograr m\u00e1s victorias, afirma Berri.<\/p>\n<p>????Contin\u00faa normalizaci\u00f3n del estatus jur\u00eddico de nuevo grupo de armados y pr\u00f3fugos de Enkhel\/Deraa.<\/p>\n<p>????Polic\u00eda alemana desmantela una red que financiaba a los terroristas del Frente de al-Nusra en Siria.<\/p>\n<p>????Reapertura del cruce fronterizo Nassib-Jaber con Jordania contribuir\u00e1 a revitalizar econom\u00eda siria.<\/p>\n<p>????Desmienten noticias sobre ca\u00edda de un avi\u00f3n de la aerol\u00ednea \u201cSyrian Airlines\u201d en el Mediterr\u00e1neo.<\/p>\n<p>????H\u00e9roes del Ej\u00e9rcito sirio conmemoran la Guerra de Octubre desde los campos de batalla en el oeste de Alepo.<\/p>\n<p>????Selecci\u00f3n femenina de rugby participa en el Campeonato de Asia Occidental.<\/p>\n<p>????Instituto sirio lanza curso virtual para ense\u00f1ar \u00e1rabe a estudiantes de la Universidad de Tokio.<\/p>\n<p>????Celebran actos para rendir homenaje a los m\u00e1rtires del Ej\u00e9rcito \u00c1rabe Sirio.<\/p>\n<p>????Armados asesinan a disparos a dos polic\u00edas en Izraa\/Deraa.<\/p>\n","protected":false},"excerpt":{"rendered":"<p>Damasco, 07 de oct (SANA)\u00a0 ????Bajo los auspicios del presidente al-Assad, egresada una nueva promoci\u00f3n de oficiales de la Academia Militar. ????Conmemoran en Ein al-Tineh cerca del Gol\u00e1n ocupado aniversario de la Guerra de Octubre. ????Siria e Irak examinan cooperaci\u00f3n en materia de seguridad y lucha contra el terrorismo. ????Los ministros de Energ\u00eda y Electricidad &hellip;<\/p>\n","protected":false},"author":32,"featured_media":199481,"comment_status":"closed","ping_status":"closed","sticky":false,"template":"","format":"standard","meta":{"footnotes":""},"categories":[447,555,597,7541],"tags":[],"class_list":["post-200196","post","type-post","status-publish","format-standard","has-post-thumbnail","","category-local-politica","category-prensa","category-cinta-de-noticias","category-ultimas-noticias"],"_links":{"self":[{"href":"https:\/\/archive.sana.sy\/es\/index.php?rest_route=\/wp\/v2\/posts\/200196"}],"collection":[{"href":"https:\/\/archive.sana.sy\/es\/index.php?rest_route=\/wp\/v2\/posts"}],"about":[{"href":"https:\/\/archive.sana.sy\/es\/index.php?rest_route=\/wp\/v2\/types\/post"}],"author":[{"embeddable":true,"href":"https:\/\/archive.sana.sy\/es\/index.php?rest_route=\/wp\/v2\/users\/32"}],"replies":[{"embeddable":true,"href":"https:\/\/archive.sana.sy\/es\/index.php?rest_route=%2Fwp%2Fv2%2Fcomments&post=200196"}],"version-history":[{"count":0,"href":"https:\/\/archive.sana.sy\/es\/index.php?rest_route=\/wp\/v2\/posts\/200196\/revisions"}],"wp:featuredmedia":[{"embeddable":true,"href":"https:\/\/archive.sana.sy\/es\/index.php?rest_route=\/wp\/v2\/media\/199481"}],"wp:attachment":[{"href":"https:\/\/archive.sana.sy\/es\/index.php?rest_route=%2Fwp%2Fv2%2Fmedia&parent=200196"}],"wp:term":[{"taxonomy":"category","embeddable":true,"href":"https:\/\/archive.sana.sy\/es\/index.php?rest_route=%2Fwp%2Fv2%2Fcategories&post=200196"},{"taxonomy":"post_tag","embeddable":true,"href":"https:\/\/archive.sana.sy\/es\/index.php?rest_route=%2Fwp%2Fv2%2Ftags&post=200196"}],"curies":[{"name":"wp","href":"https:\/\/api.w.org\/{rel}","templated":true}]}}