{"id":200272,"date":"2021-10-07T13:50:54","date_gmt":"2021-10-07T10:50:54","guid":{"rendered":"http:\/\/107.6.182.27\/es\/?p=200272"},"modified":"2023-01-10T14:25:38","modified_gmt":"2023-01-10T12:25:38","slug":"dos-civiles-resultan-heridos-por-explosion-de-una-bomba-en-quneitra","status":"publish","type":"post","link":"https:\/\/archive.sana.sy\/es\/?p=200272","title":{"rendered":"Dos civiles resultan heridos por explosi\u00f3n de una bomba en Quneitra"},"content":{"rendered":"<p><span style=\"color: #800000;\"><strong>Quneitra, 07 oct (SANA) <\/strong><\/span>Dos civiles resultaron heridos por la explosi\u00f3n de una bomba remanente de las organizaciones terroristas en la aldea de Um Batna, en la provincia de Quneitra.<\/p>\n<p>Una fuente m\u00e9dica en el hospital provincial Mamdouh Abaza inform\u00f3 que dos j\u00f3venes, de 13 y 16 a\u00f1os de edad, resultaron heridos por metrallas en varias partes del cuerpo, y fueron trasladados al Hospital Central en Damasco para recibir el tratamiento necesario.<\/p>\n<p>Antes de su derrota, las organizaciones terroristas colocaron minas en las viviendas, infraestructuras y tierras agr\u00edcolas para provocar el p\u00e1nico entre la poblaci\u00f3n y evitar que regresen a sus tierras.<\/p>\n<p><strong><span style=\"color: #0000ff;\">ed\/fm<\/span><\/strong><\/p>\n","protected":false},"excerpt":{"rendered":"<p>Quneitra, 07 oct (SANA) Dos civiles resultaron heridos por la explosi\u00f3n de una bomba remanente de las organizaciones terroristas en la aldea de Um Batna, en la provincia de Quneitra. Una fuente m\u00e9dica en el hospital provincial Mamdouh Abaza inform\u00f3 que dos j\u00f3venes, de 13 y 16 a\u00f1os de edad, resultaron heridos por metrallas en &hellip;<\/p>\n","protected":false},"author":32,"featured_media":200273,"comment_status":"closed","ping_status":"closed","sticky":false,"template":"","format":"standard","meta":{"footnotes":""},"categories":[447,477,597,476,7541],"tags":[],"class_list":["post-200272","post","type-post","status-publish","format-standard","has-post-thumbnail","","category-local-politica","category-noticias-edulcorantes","category-cinta-de-noticias","category-locales","category-ultimas-noticias"],"_links":{"self":[{"href":"https:\/\/archive.sana.sy\/es\/index.php?rest_route=\/wp\/v2\/posts\/200272"}],"collection":[{"href":"https:\/\/archive.sana.sy\/es\/index.php?rest_route=\/wp\/v2\/posts"}],"about":[{"href":"https:\/\/archive.sana.sy\/es\/index.php?rest_route=\/wp\/v2\/types\/post"}],"author":[{"embeddable":true,"href":"https:\/\/archive.sana.sy\/es\/index.php?rest_route=\/wp\/v2\/users\/32"}],"replies":[{"embeddable":true,"href":"https:\/\/archive.sana.sy\/es\/index.php?rest_route=%2Fwp%2Fv2%2Fcomments&post=200272"}],"version-history":[{"count":0,"href":"https:\/\/archive.sana.sy\/es\/index.php?rest_route=\/wp\/v2\/posts\/200272\/revisions"}],"wp:featuredmedia":[{"embeddable":true,"href":"https:\/\/archive.sana.sy\/es\/index.php?rest_route=\/wp\/v2\/media\/200273"}],"wp:attachment":[{"href":"https:\/\/archive.sana.sy\/es\/index.php?rest_route=%2Fwp%2Fv2%2Fmedia&parent=200272"}],"wp:term":[{"taxonomy":"category","embeddable":true,"href":"https:\/\/archive.sana.sy\/es\/index.php?rest_route=%2Fwp%2Fv2%2Fcategories&post=200272"},{"taxonomy":"post_tag","embeddable":true,"href":"https:\/\/archive.sana.sy\/es\/index.php?rest_route=%2Fwp%2Fv2%2Ftags&post=200272"}],"curies":[{"name":"wp","href":"https:\/\/api.w.org\/{rel}","templated":true}]}}