{"id":200309,"date":"2021-10-07T17:13:17","date_gmt":"2021-10-07T14:13:17","guid":{"rendered":"http:\/\/107.6.182.27\/es\/?p=200309"},"modified":"2023-01-12T14:40:10","modified_gmt":"2023-01-12T12:40:10","slug":"administracion-estadounidense-exige-el-fin-de-la-colonizacion-israeli","status":"publish","type":"post","link":"https:\/\/archive.sana.sy\/es\/?p=200309","title":{"rendered":"Administraci\u00f3n estadounidense exige el fin de la colonizaci\u00f3n israel\u00ed"},"content":{"rendered":"<p style=\"text-align: justify;\"><span style=\"color: #800000;\"><strong>Jerusal\u00e9n ocupdad, 07 Oct (SANA)\u00a0 \u00a0<\/strong><\/span>La administraci\u00f3n del presidente estadounidense Joe Biden pidi\u00f3 a las autoridades de ocupaci\u00f3n israel\u00edes que detengan las obras de colonizaci\u00f3n en Cisjordania.<\/p>\n<p style=\"text-align: justify;\">El portal electr\u00f3nico de Rusia Hoy inform\u00f3 que el sitio web israel\u00ed Walla cit\u00f3 a funcionarios israel\u00edes diciendo que el proc\u00f3nsul de EEUU ante el ente de ocupaci\u00f3n Michael Ratney se comunic\u00f3 por tel\u00e9fono, la semana pasada, con altos funcionarios de la oficina del premier israel\u00ed, Naftali Bennett para decir que la Administraci\u00f3n Biden quiere que cese la construcci\u00f3n de asentamientos en la Ribera Occidental.<\/p>\n<p style=\"text-align: justify;\">Un alto cargo estadounidense dijo a Walla que la Administraci\u00f3n Biden se comunica semanalmente con las autoridades de ocupaci\u00f3n sobre las colonias desde que Biden recibi\u00f3 a Bennett en la Casa Blanca a finales de agosto \u00faltimo.<\/p>\n<p style=\"text-align: justify;\">Las autoridades de ocupaci\u00f3n intensificaron sus planes de colonizaci\u00f3n durante el mandato del expresidente Donald Trump cuando crearon m\u00e1s de 40 mil unidades de vivienda, la mayor\u00eda en Jerusal\u00e9n, en una abierta violaci\u00f3n a las resoluciones de la legalidad internacional, principalmente la resoluci\u00f3n No. 2334 del a\u00f1o 2016 que confirma la ilegalidad de la colonizaci\u00f3n en los territorios palestinos ocupados y exige su cese.<\/p>\n<p style=\"text-align: justify;\"><strong>rsh\/ah<\/strong><\/p>\n","protected":false},"excerpt":{"rendered":"<p>Jerusal\u00e9n ocupdad, 07 Oct (SANA)\u00a0 \u00a0La administraci\u00f3n del presidente estadounidense Joe Biden pidi\u00f3 a las autoridades de ocupaci\u00f3n israel\u00edes que detengan las obras de colonizaci\u00f3n en Cisjordania. El portal electr\u00f3nico de Rusia Hoy inform\u00f3 que el sitio web israel\u00ed Walla cit\u00f3 a funcionarios israel\u00edes diciendo que el proc\u00f3nsul de EEUU ante el ente de ocupaci\u00f3n &hellip;<\/p>\n","protected":false},"author":30,"featured_media":200310,"comment_status":"closed","ping_status":"closed","sticky":false,"template":"","format":"standard","meta":{"footnotes":""},"categories":[597,456],"tags":[19582],"class_list":["post-200309","post","type-post","status-publish","format-standard","has-post-thumbnail","","category-cinta-de-noticias","category-arabe-internacional-politica","tag-administracion-estadounidense-exige-el-fin-de-la-colonizacion-israeli"],"_links":{"self":[{"href":"https:\/\/archive.sana.sy\/es\/index.php?rest_route=\/wp\/v2\/posts\/200309"}],"collection":[{"href":"https:\/\/archive.sana.sy\/es\/index.php?rest_route=\/wp\/v2\/posts"}],"about":[{"href":"https:\/\/archive.sana.sy\/es\/index.php?rest_route=\/wp\/v2\/types\/post"}],"author":[{"embeddable":true,"href":"https:\/\/archive.sana.sy\/es\/index.php?rest_route=\/wp\/v2\/users\/30"}],"replies":[{"embeddable":true,"href":"https:\/\/archive.sana.sy\/es\/index.php?rest_route=%2Fwp%2Fv2%2Fcomments&post=200309"}],"version-history":[{"count":0,"href":"https:\/\/archive.sana.sy\/es\/index.php?rest_route=\/wp\/v2\/posts\/200309\/revisions"}],"wp:featuredmedia":[{"embeddable":true,"href":"https:\/\/archive.sana.sy\/es\/index.php?rest_route=\/wp\/v2\/media\/200310"}],"wp:attachment":[{"href":"https:\/\/archive.sana.sy\/es\/index.php?rest_route=%2Fwp%2Fv2%2Fmedia&parent=200309"}],"wp:term":[{"taxonomy":"category","embeddable":true,"href":"https:\/\/archive.sana.sy\/es\/index.php?rest_route=%2Fwp%2Fv2%2Fcategories&post=200309"},{"taxonomy":"post_tag","embeddable":true,"href":"https:\/\/archive.sana.sy\/es\/index.php?rest_route=%2Fwp%2Fv2%2Ftags&post=200309"}],"curies":[{"name":"wp","href":"https:\/\/api.w.org\/{rel}","templated":true}]}}