{"id":200312,"date":"2021-10-07T18:05:35","date_gmt":"2021-10-07T15:05:35","guid":{"rendered":"http:\/\/107.6.182.27\/es\/?p=200312"},"modified":"2021-10-07T18:05:35","modified_gmt":"2021-10-07T15:05:35","slug":"conversaciones-sirio-libanesas-sobre-la-cooperacion-en-el-suministro-de-gas-y-electricidad-al-libano","status":"publish","type":"post","link":"https:\/\/archive.sana.sy\/es\/?p=200312","title":{"rendered":"Conversaciones sirio-libanesas sobre la cooperaci\u00f3n en el suministro de gas y electricidad al L\u00edbano"},"content":{"rendered":"<p style=\"text-align: justify;\"><span style=\"color: #800000;\"><strong>Beirut, 07 Oct (SANA)\u00a0 \u00a0 <\/strong><\/span>El ministro liban\u00e9s de Energ\u00eda y Recursos H\u00eddricos, Walid Fayyad, convers\u00f3 con el embajador sirio en el L\u00edbano, Ali Abdul Karim, sobre la cooperaci\u00f3n en el suministro de gas y electricidad al L\u00edbano a trav\u00e9s de Siria.<\/p>\n<p style=\"text-align: justify;\">&#8220;Ambas partes examinaron los cambios positivos y acelerados en la coordinaci\u00f3n entre Siria, L\u00edbano, Jordania y Egipto en este contexto, as\u00ed como los resultados de la reciente visita de Fayyad a Egipto y la reuni\u00f3n ministerial trilateral celebrada en Jordania ayer&#8221;, dijo la embajada de Siria hoy en un comunicado.<\/p>\n<p style=\"text-align: justify;\">El comunicado agreg\u00f3 que Fayyad present\u00f3 los beneficios positivos de la cooperaci\u00f3n entre Siria y L\u00edbano en esta y otras \u00e1reas vitales, allanando el camino para un espacio m\u00e1s amplio de cooperaci\u00f3n \u00e1rabe y regional.<\/p>\n<p style=\"text-align: justify;\">Abdul Karim y Fayyad se\u00f1alaron la fraterna relaci\u00f3n entre ambos pa\u00edses, destacando la importancia de la integraci\u00f3n y la cooperaci\u00f3n en muchos sectores.<\/p>\n<p style=\"text-align: justify;\">&#8220;Siria no ha escatimado ni escatimar\u00e1 esfuerzos para ayudar al L\u00edbano a salir de su crisis econ\u00f3mica por el inter\u00e9s com\u00fan de los dos pueblos hermanos\u201d, concluy\u00f3 el embajador sirio.<\/p>\n<p style=\"text-align: justify;\"><strong>ah\/rsh<\/strong><\/p>\n","protected":false},"excerpt":{"rendered":"<p>Beirut, 07 Oct (SANA)\u00a0 \u00a0 El ministro liban\u00e9s de Energ\u00eda y Recursos H\u00eddricos, Walid Fayyad, convers\u00f3 con el embajador sirio en el L\u00edbano, Ali Abdul Karim, sobre la cooperaci\u00f3n en el suministro de gas y electricidad al L\u00edbano a trav\u00e9s de Siria. &#8220;Ambas partes examinaron los cambios positivos y acelerados en la coordinaci\u00f3n entre Siria, &hellip;<\/p>\n","protected":false},"author":30,"featured_media":200313,"comment_status":"closed","ping_status":"closed","sticky":false,"template":"","format":"standard","meta":{"footnotes":""},"categories":[597,467,7541],"tags":[19583],"class_list":["post-200312","post","type-post","status-publish","format-standard","has-post-thumbnail","","category-cinta-de-noticias","category-siria-y-el-mundo","category-ultimas-noticias","tag-conversaciones-sirio-libanesas-sobre-la-cooperacion-en-el-suministro-de-gas-y-electricidad-al-libano"],"_links":{"self":[{"href":"https:\/\/archive.sana.sy\/es\/index.php?rest_route=\/wp\/v2\/posts\/200312"}],"collection":[{"href":"https:\/\/archive.sana.sy\/es\/index.php?rest_route=\/wp\/v2\/posts"}],"about":[{"href":"https:\/\/archive.sana.sy\/es\/index.php?rest_route=\/wp\/v2\/types\/post"}],"author":[{"embeddable":true,"href":"https:\/\/archive.sana.sy\/es\/index.php?rest_route=\/wp\/v2\/users\/30"}],"replies":[{"embeddable":true,"href":"https:\/\/archive.sana.sy\/es\/index.php?rest_route=%2Fwp%2Fv2%2Fcomments&post=200312"}],"version-history":[{"count":0,"href":"https:\/\/archive.sana.sy\/es\/index.php?rest_route=\/wp\/v2\/posts\/200312\/revisions"}],"wp:featuredmedia":[{"embeddable":true,"href":"https:\/\/archive.sana.sy\/es\/index.php?rest_route=\/wp\/v2\/media\/200313"}],"wp:attachment":[{"href":"https:\/\/archive.sana.sy\/es\/index.php?rest_route=%2Fwp%2Fv2%2Fmedia&parent=200312"}],"wp:term":[{"taxonomy":"category","embeddable":true,"href":"https:\/\/archive.sana.sy\/es\/index.php?rest_route=%2Fwp%2Fv2%2Fcategories&post=200312"},{"taxonomy":"post_tag","embeddable":true,"href":"https:\/\/archive.sana.sy\/es\/index.php?rest_route=%2Fwp%2Fv2%2Ftags&post=200312"}],"curies":[{"name":"wp","href":"https:\/\/api.w.org\/{rel}","templated":true}]}}