{"id":200315,"date":"2021-10-07T18:26:33","date_gmt":"2021-10-07T15:26:33","guid":{"rendered":"http:\/\/107.6.182.27\/es\/?p=200315"},"modified":"2021-10-07T18:26:33","modified_gmt":"2021-10-07T15:26:33","slug":"siria-es-el-pilar-del-eje-de-la-resistencia-afirman-eruditos-musulmanes-en-el-libano","status":"publish","type":"post","link":"https:\/\/archive.sana.sy\/es\/?p=200315","title":{"rendered":"Siria es el pilar del eje de la resistencia, afirman Eruditos musulmanes en el L\u00edbano"},"content":{"rendered":"<p style=\"text-align: justify;\"><span style=\"color: #800000;\"><strong>Beirut, 07 Oct (SANA)\u00a0 \u00a0 <\/strong><\/span>La Asociaci\u00f3n de Ulemas Musulmanes en El L\u00edbano reiter\u00f3 que Siria logr\u00f3 una victoria real sobre el enemigo israel\u00ed en la Guerra de Octubre de 1973.<\/p>\n<p style=\"text-align: justify;\">&#8220;El liderazgo, el ej\u00e9rcito y el pueblo de Siria continuaron con su lineamiento de resistencia, convirti\u00e9ndolo en un soporte del Eje de la Resistencia frente a la entidad sionista&#8221;, dijo la asociaci\u00f3n en un comunicado.<\/p>\n<p style=\"text-align: justify;\">Asimismo, la asociaci\u00f3n conden\u00f3 la flagrante intervenci\u00f3n y el bloqueo injusto del L\u00edbano por parte de los Estados Unidos, subrayando que constituye una violaci\u00f3n de la soberan\u00eda libanesa.<\/p>\n<p style=\"text-align: justify;\"><strong>ah\/rsh<\/strong><\/p>\n","protected":false},"excerpt":{"rendered":"<p>Beirut, 07 Oct (SANA)\u00a0 \u00a0 La Asociaci\u00f3n de Ulemas Musulmanes en El L\u00edbano reiter\u00f3 que Siria logr\u00f3 una victoria real sobre el enemigo israel\u00ed en la Guerra de Octubre de 1973. &#8220;El liderazgo, el ej\u00e9rcito y el pueblo de Siria continuaron con su lineamiento de resistencia, convirti\u00e9ndolo en un soporte del Eje de la Resistencia &hellip;<\/p>\n","protected":false},"author":30,"featured_media":200316,"comment_status":"closed","ping_status":"closed","sticky":false,"template":"","format":"standard","meta":{"footnotes":""},"categories":[597,467],"tags":[19585,19584],"class_list":["post-200315","post","type-post","status-publish","format-standard","has-post-thumbnail","","category-cinta-de-noticias","category-siria-y-el-mundo","tag-afirman-eruditos-musulmanes-en-el-libano","tag-siria-es-el-pilar-del-eje-de-la-resistencia"],"_links":{"self":[{"href":"https:\/\/archive.sana.sy\/es\/index.php?rest_route=\/wp\/v2\/posts\/200315"}],"collection":[{"href":"https:\/\/archive.sana.sy\/es\/index.php?rest_route=\/wp\/v2\/posts"}],"about":[{"href":"https:\/\/archive.sana.sy\/es\/index.php?rest_route=\/wp\/v2\/types\/post"}],"author":[{"embeddable":true,"href":"https:\/\/archive.sana.sy\/es\/index.php?rest_route=\/wp\/v2\/users\/30"}],"replies":[{"embeddable":true,"href":"https:\/\/archive.sana.sy\/es\/index.php?rest_route=%2Fwp%2Fv2%2Fcomments&post=200315"}],"version-history":[{"count":0,"href":"https:\/\/archive.sana.sy\/es\/index.php?rest_route=\/wp\/v2\/posts\/200315\/revisions"}],"wp:featuredmedia":[{"embeddable":true,"href":"https:\/\/archive.sana.sy\/es\/index.php?rest_route=\/wp\/v2\/media\/200316"}],"wp:attachment":[{"href":"https:\/\/archive.sana.sy\/es\/index.php?rest_route=%2Fwp%2Fv2%2Fmedia&parent=200315"}],"wp:term":[{"taxonomy":"category","embeddable":true,"href":"https:\/\/archive.sana.sy\/es\/index.php?rest_route=%2Fwp%2Fv2%2Fcategories&post=200315"},{"taxonomy":"post_tag","embeddable":true,"href":"https:\/\/archive.sana.sy\/es\/index.php?rest_route=%2Fwp%2Fv2%2Ftags&post=200315"}],"curies":[{"name":"wp","href":"https:\/\/api.w.org\/{rel}","templated":true}]}}