{"id":200322,"date":"2021-10-07T19:43:47","date_gmt":"2021-10-07T16:43:47","guid":{"rendered":"http:\/\/107.6.182.27\/es\/?p=200322"},"modified":"2023-01-09T14:05:05","modified_gmt":"2023-01-09T12:05:05","slug":"285-instalaciones-industriales-productivas-y-630-bajo-construccion-en-hassieh-fotos","status":"publish","type":"post","link":"https:\/\/archive.sana.sy\/es\/?p=200322","title":{"rendered":"285 instalaciones industriales productivas y 630 bajo construcci\u00f3n en Hassieh (+fotos)"},"content":{"rendered":"<p style=\"text-align: justify;\"><span style=\"color: #800000;\"><strong>Homs, 07 Oct (SANA)\u00a0 <\/strong><\/span>La ciudad industrial de Hassieh, en la provincia central de Homs es un espacio productivo pues a pesar de las circunstancias, sus m\u00e1quinas no han cesado desde su puesta en marcha en 2004.<\/p>\n<p style=\"text-align: justify;\"><img loading=\"lazy\" decoding=\"async\" class=\"size-medium wp-image-200324 alignright\" src=\"http:\/\/107.6.182.27\/es\/wp-content\/uploads\/2021\/10\/IMG_1632-300x200.jpg\" alt=\"\" width=\"300\" height=\"200\" srcset=\"https:\/\/archive.sana.sy\/es\/wp-content\/uploads\/2021\/10\/IMG_1632-300x200.jpg 300w, https:\/\/archive.sana.sy\/es\/wp-content\/uploads\/2021\/10\/IMG_1632-1024x683.jpg 1024w, https:\/\/archive.sana.sy\/es\/wp-content\/uploads\/2021\/10\/IMG_1632-150x100.jpg 150w, https:\/\/archive.sana.sy\/es\/wp-content\/uploads\/2021\/10\/IMG_1632-768x512.jpg 768w, https:\/\/archive.sana.sy\/es\/wp-content\/uploads\/2021\/10\/IMG_1632-1536x1024.jpg 1536w, https:\/\/archive.sana.sy\/es\/wp-content\/uploads\/2021\/10\/IMG_1632-2048x1365.jpg 2048w\" sizes=\"(max-width: 300px) 100vw, 300px\" \/><\/p>\n<p style=\"text-align: justify;\">Hoy, la referida ciudad industrial cuenta con 285 instalaciones productivas y otras 630 est\u00e1n en fase de construcci\u00f3n.<br \/>\nEl \u00e1rea usufructuada en Hassieh desde su comienzo en 2004 es alrededor del 64% de la superficie total de 2500 hect\u00e1reas, lo cual se puede ampliar en el futuro para llegar a 12 mil 500 hect\u00e1reas.<\/p>\n<p style=\"text-align: justify;\">El director del complejo, Bassam Al-Mansour, dijo a SANA que la ciudad industrial est\u00e1 presenciando un desarrollo tangible en el campo de las inversiones, ya que el n\u00famero total de inversionistas lleg\u00f3 a 915, mientras que los ingresos durante el a\u00f1o en curso y hasta el final del tercer trimestre ascendi\u00f3 a m\u00e1s de 3 mil millones de libras sirias.<\/p>\n<p style=\"text-align: justify;\"><img loading=\"lazy\" decoding=\"async\" class=\"size-medium wp-image-200325 alignright\" src=\"http:\/\/107.6.182.27\/es\/wp-content\/uploads\/2021\/10\/IMG_1587-300x200.jpg\" alt=\"\" width=\"300\" height=\"200\" srcset=\"https:\/\/archive.sana.sy\/es\/wp-content\/uploads\/2021\/10\/IMG_1587-300x200.jpg 300w, https:\/\/archive.sana.sy\/es\/wp-content\/uploads\/2021\/10\/IMG_1587-1024x683.jpg 1024w, https:\/\/archive.sana.sy\/es\/wp-content\/uploads\/2021\/10\/IMG_1587-150x100.jpg 150w, https:\/\/archive.sana.sy\/es\/wp-content\/uploads\/2021\/10\/IMG_1587-768x512.jpg 768w, https:\/\/archive.sana.sy\/es\/wp-content\/uploads\/2021\/10\/IMG_1587-1536x1024.jpg 1536w, https:\/\/archive.sana.sy\/es\/wp-content\/uploads\/2021\/10\/IMG_1587-2048x1365.jpg 2048w\" sizes=\"(max-width: 300px) 100vw, 300px\" \/><\/p>\n<p style=\"text-align: justify;\">Mansour se\u00f1al\u00f3 la entrada de nuevos proyectos en producci\u00f3n durante el actual a\u00f1o, uno de los cuales es la f\u00e1brica de fundici\u00f3n de hierro con una capacidad productiva de 1.200 toneladas por d\u00eda, la f\u00e1brica de paneles solares y la nueva f\u00e1brica azucarera.<\/p>\n<p style=\"text-align: justify;\">A todo esto se a\u00f1aden varias instalaciones para elaborar materiales pl\u00e1sticos, las cuales proporcionan m\u00e1s de 400 oportunidades de trabajo.<\/p>\n<p style=\"text-align: justify;\">La f\u00e1brica de vidrio incluye dos hornos de fusi\u00f3n para la producci\u00f3n de envases de vidrio de diferentes tama\u00f1os, con una producci\u00f3n diaria de 125 toneladas de envases, en la cual trabajan unos 400 empleados y t\u00e9cnicos.<\/p>\n<p style=\"text-align: justify;\"><span style=\"color: #0000ff;\"><strong>sm\/rsh<\/strong><\/span><\/p>\n<div id='gallery-1' class='gallery galleryid-200322 gallery-columns-1 gallery-size-full'><figure class='gallery-item'>\n\t\t\t<div class='gallery-icon landscape'>\n\t\t\t\t<a href='https:\/\/archive.sana.sy\/es\/?attachment_id=200326'><img loading=\"lazy\" decoding=\"async\" width=\"2560\" height=\"1707\" src=\"https:\/\/archive.sana.sy\/es\/wp-content\/uploads\/2021\/10\/IMG_1595-scaled.jpg\" class=\"attachment-full size-full\" alt=\"\" srcset=\"https:\/\/archive.sana.sy\/es\/wp-content\/uploads\/2021\/10\/IMG_1595-scaled.jpg 2560w, https:\/\/archive.sana.sy\/es\/wp-content\/uploads\/2021\/10\/IMG_1595-300x200.jpg 300w, https:\/\/archive.sana.sy\/es\/wp-content\/uploads\/2021\/10\/IMG_1595-1024x683.jpg 1024w, https:\/\/archive.sana.sy\/es\/wp-content\/uploads\/2021\/10\/IMG_1595-150x100.jpg 150w, https:\/\/archive.sana.sy\/es\/wp-content\/uploads\/2021\/10\/IMG_1595-768x512.jpg 768w, https:\/\/archive.sana.sy\/es\/wp-content\/uploads\/2021\/10\/IMG_1595-1536x1024.jpg 1536w, https:\/\/archive.sana.sy\/es\/wp-content\/uploads\/2021\/10\/IMG_1595-2048x1365.jpg 2048w\" sizes=\"(max-width: 2560px) 100vw, 2560px\" \/><\/a>\n\t\t\t<\/div><\/figure><figure class='gallery-item'>\n\t\t\t<div class='gallery-icon landscape'>\n\t\t\t\t<a href='https:\/\/archive.sana.sy\/es\/?attachment_id=200327'><img loading=\"lazy\" decoding=\"async\" width=\"2560\" height=\"1707\" src=\"https:\/\/archive.sana.sy\/es\/wp-content\/uploads\/2021\/10\/IMG_1623-scaled.jpg\" class=\"attachment-full size-full\" alt=\"\" srcset=\"https:\/\/archive.sana.sy\/es\/wp-content\/uploads\/2021\/10\/IMG_1623-scaled.jpg 2560w, https:\/\/archive.sana.sy\/es\/wp-content\/uploads\/2021\/10\/IMG_1623-300x200.jpg 300w, https:\/\/archive.sana.sy\/es\/wp-content\/uploads\/2021\/10\/IMG_1623-1024x683.jpg 1024w, https:\/\/archive.sana.sy\/es\/wp-content\/uploads\/2021\/10\/IMG_1623-150x100.jpg 150w, https:\/\/archive.sana.sy\/es\/wp-content\/uploads\/2021\/10\/IMG_1623-768x512.jpg 768w, https:\/\/archive.sana.sy\/es\/wp-content\/uploads\/2021\/10\/IMG_1623-1536x1024.jpg 1536w, https:\/\/archive.sana.sy\/es\/wp-content\/uploads\/2021\/10\/IMG_1623-2048x1365.jpg 2048w\" sizes=\"(max-width: 2560px) 100vw, 2560px\" \/><\/a>\n\t\t\t<\/div><\/figure><figure class='gallery-item'>\n\t\t\t<div class='gallery-icon landscape'>\n\t\t\t\t<a href='https:\/\/archive.sana.sy\/es\/?attachment_id=200328'><img loading=\"lazy\" decoding=\"async\" width=\"2560\" height=\"1707\" src=\"https:\/\/archive.sana.sy\/es\/wp-content\/uploads\/2021\/10\/IMG_1627-scaled.jpg\" class=\"attachment-full size-full\" alt=\"\" srcset=\"https:\/\/archive.sana.sy\/es\/wp-content\/uploads\/2021\/10\/IMG_1627-scaled.jpg 2560w, https:\/\/archive.sana.sy\/es\/wp-content\/uploads\/2021\/10\/IMG_1627-300x200.jpg 300w, https:\/\/archive.sana.sy\/es\/wp-content\/uploads\/2021\/10\/IMG_1627-1024x683.jpg 1024w, https:\/\/archive.sana.sy\/es\/wp-content\/uploads\/2021\/10\/IMG_1627-150x100.jpg 150w, https:\/\/archive.sana.sy\/es\/wp-content\/uploads\/2021\/10\/IMG_1627-768x512.jpg 768w, https:\/\/archive.sana.sy\/es\/wp-content\/uploads\/2021\/10\/IMG_1627-1536x1024.jpg 1536w, https:\/\/archive.sana.sy\/es\/wp-content\/uploads\/2021\/10\/IMG_1627-2048x1365.jpg 2048w\" sizes=\"(max-width: 2560px) 100vw, 2560px\" \/><\/a>\n\t\t\t<\/div><\/figure><figure class='gallery-item'>\n\t\t\t<div class='gallery-icon landscape'>\n\t\t\t\t<a href='https:\/\/archive.sana.sy\/es\/?attachment_id=200329'><img loading=\"lazy\" decoding=\"async\" width=\"2560\" height=\"1707\" src=\"https:\/\/archive.sana.sy\/es\/wp-content\/uploads\/2021\/10\/IMG_1631-scaled.jpg\" class=\"attachment-full size-full\" alt=\"\" srcset=\"https:\/\/archive.sana.sy\/es\/wp-content\/uploads\/2021\/10\/IMG_1631-scaled.jpg 2560w, https:\/\/archive.sana.sy\/es\/wp-content\/uploads\/2021\/10\/IMG_1631-300x200.jpg 300w, https:\/\/archive.sana.sy\/es\/wp-content\/uploads\/2021\/10\/IMG_1631-1024x683.jpg 1024w, https:\/\/archive.sana.sy\/es\/wp-content\/uploads\/2021\/10\/IMG_1631-150x100.jpg 150w, https:\/\/archive.sana.sy\/es\/wp-content\/uploads\/2021\/10\/IMG_1631-768x512.jpg 768w, https:\/\/archive.sana.sy\/es\/wp-content\/uploads\/2021\/10\/IMG_1631-1536x1024.jpg 1536w, https:\/\/archive.sana.sy\/es\/wp-content\/uploads\/2021\/10\/IMG_1631-2048x1365.jpg 2048w\" sizes=\"(max-width: 2560px) 100vw, 2560px\" \/><\/a>\n\t\t\t<\/div><\/figure><figure class='gallery-item'>\n\t\t\t<div class='gallery-icon landscape'>\n\t\t\t\t<a href='https:\/\/archive.sana.sy\/es\/?attachment_id=200330'><img loading=\"lazy\" decoding=\"async\" width=\"2560\" height=\"1707\" src=\"https:\/\/archive.sana.sy\/es\/wp-content\/uploads\/2021\/10\/IMG_1646-scaled.jpg\" class=\"attachment-full size-full\" alt=\"\" srcset=\"https:\/\/archive.sana.sy\/es\/wp-content\/uploads\/2021\/10\/IMG_1646-scaled.jpg 2560w, https:\/\/archive.sana.sy\/es\/wp-content\/uploads\/2021\/10\/IMG_1646-300x200.jpg 300w, https:\/\/archive.sana.sy\/es\/wp-content\/uploads\/2021\/10\/IMG_1646-1024x683.jpg 1024w, https:\/\/archive.sana.sy\/es\/wp-content\/uploads\/2021\/10\/IMG_1646-150x100.jpg 150w, https:\/\/archive.sana.sy\/es\/wp-content\/uploads\/2021\/10\/IMG_1646-768x512.jpg 768w, https:\/\/archive.sana.sy\/es\/wp-content\/uploads\/2021\/10\/IMG_1646-1536x1024.jpg 1536w, https:\/\/archive.sana.sy\/es\/wp-content\/uploads\/2021\/10\/IMG_1646-2048x1365.jpg 2048w\" sizes=\"(max-width: 2560px) 100vw, 2560px\" \/><\/a>\n\t\t\t<\/div><\/figure><figure class='gallery-item'>\n\t\t\t<div class='gallery-icon landscape'>\n\t\t\t\t<a href='https:\/\/archive.sana.sy\/es\/?attachment_id=200331'><img loading=\"lazy\" decoding=\"async\" width=\"2560\" height=\"1707\" src=\"https:\/\/archive.sana.sy\/es\/wp-content\/uploads\/2021\/10\/IMG_1655-scaled.jpg\" class=\"attachment-full size-full\" alt=\"\" srcset=\"https:\/\/archive.sana.sy\/es\/wp-content\/uploads\/2021\/10\/IMG_1655-scaled.jpg 2560w, https:\/\/archive.sana.sy\/es\/wp-content\/uploads\/2021\/10\/IMG_1655-300x200.jpg 300w, https:\/\/archive.sana.sy\/es\/wp-content\/uploads\/2021\/10\/IMG_1655-1024x683.jpg 1024w, https:\/\/archive.sana.sy\/es\/wp-content\/uploads\/2021\/10\/IMG_1655-150x100.jpg 150w, https:\/\/archive.sana.sy\/es\/wp-content\/uploads\/2021\/10\/IMG_1655-768x512.jpg 768w, https:\/\/archive.sana.sy\/es\/wp-content\/uploads\/2021\/10\/IMG_1655-1536x1024.jpg 1536w, https:\/\/archive.sana.sy\/es\/wp-content\/uploads\/2021\/10\/IMG_1655-2048x1365.jpg 2048w\" sizes=\"(max-width: 2560px) 100vw, 2560px\" \/><\/a>\n\t\t\t<\/div><\/figure><figure class='gallery-item'>\n\t\t\t<div class='gallery-icon landscape'>\n\t\t\t\t<a href='https:\/\/archive.sana.sy\/es\/?attachment_id=200332'><img loading=\"lazy\" decoding=\"async\" width=\"2560\" height=\"1602\" src=\"https:\/\/archive.sana.sy\/es\/wp-content\/uploads\/2021\/10\/IMG_1671-scaled.jpg\" class=\"attachment-full size-full\" alt=\"\" srcset=\"https:\/\/archive.sana.sy\/es\/wp-content\/uploads\/2021\/10\/IMG_1671-scaled.jpg 2560w, https:\/\/archive.sana.sy\/es\/wp-content\/uploads\/2021\/10\/IMG_1671-300x188.jpg 300w, https:\/\/archive.sana.sy\/es\/wp-content\/uploads\/2021\/10\/IMG_1671-1024x641.jpg 1024w, https:\/\/archive.sana.sy\/es\/wp-content\/uploads\/2021\/10\/IMG_1671-150x94.jpg 150w, https:\/\/archive.sana.sy\/es\/wp-content\/uploads\/2021\/10\/IMG_1671-768x481.jpg 768w, https:\/\/archive.sana.sy\/es\/wp-content\/uploads\/2021\/10\/IMG_1671-1536x961.jpg 1536w, https:\/\/archive.sana.sy\/es\/wp-content\/uploads\/2021\/10\/IMG_1671-2048x1282.jpg 2048w\" sizes=\"(max-width: 2560px) 100vw, 2560px\" \/><\/a>\n\t\t\t<\/div><\/figure><figure class='gallery-item'>\n\t\t\t<div class='gallery-icon landscape'>\n\t\t\t\t<a href='https:\/\/archive.sana.sy\/es\/?attachment_id=200333'><img loading=\"lazy\" decoding=\"async\" width=\"2560\" height=\"1648\" src=\"https:\/\/archive.sana.sy\/es\/wp-content\/uploads\/2021\/10\/IMG_1673-scaled.jpg\" class=\"attachment-full size-full\" alt=\"\" srcset=\"https:\/\/archive.sana.sy\/es\/wp-content\/uploads\/2021\/10\/IMG_1673-scaled.jpg 2560w, https:\/\/archive.sana.sy\/es\/wp-content\/uploads\/2021\/10\/IMG_1673-300x193.jpg 300w, https:\/\/archive.sana.sy\/es\/wp-content\/uploads\/2021\/10\/IMG_1673-1024x659.jpg 1024w, https:\/\/archive.sana.sy\/es\/wp-content\/uploads\/2021\/10\/IMG_1673-150x97.jpg 150w, https:\/\/archive.sana.sy\/es\/wp-content\/uploads\/2021\/10\/IMG_1673-768x494.jpg 768w, https:\/\/archive.sana.sy\/es\/wp-content\/uploads\/2021\/10\/IMG_1673-1536x989.jpg 1536w, https:\/\/archive.sana.sy\/es\/wp-content\/uploads\/2021\/10\/IMG_1673-2048x1319.jpg 2048w\" sizes=\"(max-width: 2560px) 100vw, 2560px\" \/><\/a>\n\t\t\t<\/div><\/figure><figure class='gallery-item'>\n\t\t\t<div class='gallery-icon landscape'>\n\t\t\t\t<a href='https:\/\/archive.sana.sy\/es\/?attachment_id=200334'><img loading=\"lazy\" decoding=\"async\" width=\"2560\" height=\"1707\" src=\"https:\/\/archive.sana.sy\/es\/wp-content\/uploads\/2021\/10\/IMG_1674-scaled.jpg\" class=\"attachment-full size-full\" alt=\"\" srcset=\"https:\/\/archive.sana.sy\/es\/wp-content\/uploads\/2021\/10\/IMG_1674-scaled.jpg 2560w, https:\/\/archive.sana.sy\/es\/wp-content\/uploads\/2021\/10\/IMG_1674-300x200.jpg 300w, https:\/\/archive.sana.sy\/es\/wp-content\/uploads\/2021\/10\/IMG_1674-1024x683.jpg 1024w, https:\/\/archive.sana.sy\/es\/wp-content\/uploads\/2021\/10\/IMG_1674-150x100.jpg 150w, https:\/\/archive.sana.sy\/es\/wp-content\/uploads\/2021\/10\/IMG_1674-768x512.jpg 768w, https:\/\/archive.sana.sy\/es\/wp-content\/uploads\/2021\/10\/IMG_1674-1536x1024.jpg 1536w, https:\/\/archive.sana.sy\/es\/wp-content\/uploads\/2021\/10\/IMG_1674-2048x1365.jpg 2048w\" sizes=\"(max-width: 2560px) 100vw, 2560px\" \/><\/a>\n\t\t\t<\/div><\/figure>\n\t\t<\/div>\n\n","protected":false},"excerpt":{"rendered":"<p>Homs, 07 Oct (SANA)\u00a0 La ciudad industrial de Hassieh, en la provincia central de Homs es un espacio productivo pues a pesar de las circunstancias, sus m\u00e1quinas no han cesado desde su puesta en marcha en 2004. Hoy, la referida ciudad industrial cuenta con 285 instalaciones productivas y otras 630 est\u00e1n en fase de construcci\u00f3n. &hellip;<\/p>\n","protected":false},"author":39,"featured_media":200323,"comment_status":"closed","ping_status":"closed","sticky":false,"template":"","format":"standard","meta":{"footnotes":""},"categories":[477,597,16686,476,457,7541],"tags":[],"class_list":["post-200322","post","type-post","status-publish","format-standard","has-post-thumbnail","","category-noticias-edulcorantes","category-cinta-de-noticias","category-economia","category-locales","category-noticias-arabe-internacional-politica","category-ultimas-noticias"],"_links":{"self":[{"href":"https:\/\/archive.sana.sy\/es\/index.php?rest_route=\/wp\/v2\/posts\/200322"}],"collection":[{"href":"https:\/\/archive.sana.sy\/es\/index.php?rest_route=\/wp\/v2\/posts"}],"about":[{"href":"https:\/\/archive.sana.sy\/es\/index.php?rest_route=\/wp\/v2\/types\/post"}],"author":[{"embeddable":true,"href":"https:\/\/archive.sana.sy\/es\/index.php?rest_route=\/wp\/v2\/users\/39"}],"replies":[{"embeddable":true,"href":"https:\/\/archive.sana.sy\/es\/index.php?rest_route=%2Fwp%2Fv2%2Fcomments&post=200322"}],"version-history":[{"count":0,"href":"https:\/\/archive.sana.sy\/es\/index.php?rest_route=\/wp\/v2\/posts\/200322\/revisions"}],"wp:featuredmedia":[{"embeddable":true,"href":"https:\/\/archive.sana.sy\/es\/index.php?rest_route=\/wp\/v2\/media\/200323"}],"wp:attachment":[{"href":"https:\/\/archive.sana.sy\/es\/index.php?rest_route=%2Fwp%2Fv2%2Fmedia&parent=200322"}],"wp:term":[{"taxonomy":"category","embeddable":true,"href":"https:\/\/archive.sana.sy\/es\/index.php?rest_route=%2Fwp%2Fv2%2Fcategories&post=200322"},{"taxonomy":"post_tag","embeddable":true,"href":"https:\/\/archive.sana.sy\/es\/index.php?rest_route=%2Fwp%2Fv2%2Ftags&post=200322"}],"curies":[{"name":"wp","href":"https:\/\/api.w.org\/{rel}","templated":true}]}}