{"id":200337,"date":"2021-10-07T19:58:23","date_gmt":"2021-10-07T16:58:23","guid":{"rendered":"http:\/\/107.6.182.27\/es\/?p=200337"},"modified":"2023-01-12T14:40:10","modified_gmt":"2023-01-12T12:40:10","slug":"ejercito-yemeni-derriba-un-avion-espia-saudi-en-jazan","status":"publish","type":"post","link":"https:\/\/archive.sana.sy\/es\/?p=200337","title":{"rendered":"Ej\u00e9rcito yemen\u00ed derriba un avi\u00f3n esp\u00eda saud\u00ed en Jazan"},"content":{"rendered":"<p style=\"text-align: justify;\"><span style=\"color: #800000;\"><strong>San\u00e1, 07 Oct (SANA)<\/strong><\/span> El ej\u00e9rcito yemen\u00ed derrib\u00f3 hoy un avi\u00f3n esp\u00eda saud\u00ed en la gobernaci\u00f3n de Jazan, en el norte de Yemen.<\/p>\n<p style=\"text-align: justify;\">\u201cLas defensas antia\u00e9reas yemen\u00edes pudieron derribar un avi\u00f3n esp\u00eda perteneciente al agresor saudita mientras realizaba misiones hostiles en el espacio a\u00e9reo de la gobernaci\u00f3n de Jazan\u201d, dijo el portavoz de las fuerzas armadas yemen\u00edes, el general de brigada Yahya Saree, en un comunicado.<\/p>\n<p style=\"text-align: justify;\">En la v\u00edspera, Ayer, el ej\u00e9rcito yemen\u00ed derrib\u00f3 un avi\u00f3n esp\u00eda de la agresi\u00f3n saud\u00ed con un misil tierra-aire, mientras realizaba actos hostiles en el espacio a\u00e9reo del distrito de Al-Juba en la gobernaci\u00f3n de Ma&#8217;rib.<\/p>\n<p style=\"text-align: justify;\"><span style=\"color: #0000ff;\"><strong>sm\/rsh<\/strong><\/span><\/p>\n","protected":false},"excerpt":{"rendered":"<p>San\u00e1, 07 Oct (SANA) El ej\u00e9rcito yemen\u00ed derrib\u00f3 hoy un avi\u00f3n esp\u00eda saud\u00ed en la gobernaci\u00f3n de Jazan, en el norte de Yemen. \u201cLas defensas antia\u00e9reas yemen\u00edes pudieron derribar un avi\u00f3n esp\u00eda perteneciente al agresor saudita mientras realizaba misiones hostiles en el espacio a\u00e9reo de la gobernaci\u00f3n de Jazan\u201d, dijo el portavoz de las fuerzas &hellip;<\/p>\n","protected":false},"author":39,"featured_media":200338,"comment_status":"closed","ping_status":"closed","sticky":false,"template":"","format":"standard","meta":{"footnotes":""},"categories":[597,456,457],"tags":[],"class_list":["post-200337","post","type-post","status-publish","format-standard","has-post-thumbnail","","category-cinta-de-noticias","category-arabe-internacional-politica","category-noticias-arabe-internacional-politica"],"_links":{"self":[{"href":"https:\/\/archive.sana.sy\/es\/index.php?rest_route=\/wp\/v2\/posts\/200337"}],"collection":[{"href":"https:\/\/archive.sana.sy\/es\/index.php?rest_route=\/wp\/v2\/posts"}],"about":[{"href":"https:\/\/archive.sana.sy\/es\/index.php?rest_route=\/wp\/v2\/types\/post"}],"author":[{"embeddable":true,"href":"https:\/\/archive.sana.sy\/es\/index.php?rest_route=\/wp\/v2\/users\/39"}],"replies":[{"embeddable":true,"href":"https:\/\/archive.sana.sy\/es\/index.php?rest_route=%2Fwp%2Fv2%2Fcomments&post=200337"}],"version-history":[{"count":0,"href":"https:\/\/archive.sana.sy\/es\/index.php?rest_route=\/wp\/v2\/posts\/200337\/revisions"}],"wp:featuredmedia":[{"embeddable":true,"href":"https:\/\/archive.sana.sy\/es\/index.php?rest_route=\/wp\/v2\/media\/200338"}],"wp:attachment":[{"href":"https:\/\/archive.sana.sy\/es\/index.php?rest_route=%2Fwp%2Fv2%2Fmedia&parent=200337"}],"wp:term":[{"taxonomy":"category","embeddable":true,"href":"https:\/\/archive.sana.sy\/es\/index.php?rest_route=%2Fwp%2Fv2%2Fcategories&post=200337"},{"taxonomy":"post_tag","embeddable":true,"href":"https:\/\/archive.sana.sy\/es\/index.php?rest_route=%2Fwp%2Fv2%2Ftags&post=200337"}],"curies":[{"name":"wp","href":"https:\/\/api.w.org\/{rel}","templated":true}]}}