{"id":200362,"date":"2021-10-07T21:26:02","date_gmt":"2021-10-07T18:26:02","guid":{"rendered":"http:\/\/107.6.182.27\/es\/?p=200362"},"modified":"2023-01-10T14:25:37","modified_gmt":"2023-01-10T12:25:37","slug":"al-mekdad-la-lucha-contra-el-terrorismo-continuara-y-occidente-utilizo-el-bloqueo-economico-como-arma-terrorista-contra-el-pueblo-sirio","status":"publish","type":"post","link":"https:\/\/archive.sana.sy\/es\/?p=200362","title":{"rendered":"Al-Mekdad: la lucha contra el terrorismo continuar\u00e1 y Occidente utiliz\u00f3 el bloqueo econ\u00f3mico como arma terrorista contra el pueblo sirio"},"content":{"rendered":"<p style=\"text-align: justify;\"><span style=\"color: #800000;\"><strong>Damasco, 7 oct (SANA)<\/strong><\/span> El ministro de Exteriores y Expatriados, Faisal al-Mekdad, afirm\u00f3 en una entrevista con los canales nacionales de Al-Suriya y Al-Ikhbariya, que la lucha contra el terrorismo continuar\u00e1 hasta su definitiva erradicaci\u00f3n.<\/p>\n<p style=\"text-align: justify;\">\u201cSea en Idlib o en la regi\u00f3n de Al-Yazira, la lucha contra el terrorismo continuar\u00e1 hasta su eliminaci\u00f3n por completo\u201d, dijo el Canciller.<\/p>\n<p style=\"text-align: justify;\">Denunci\u00f3 que Occidente utiliz\u00f3 el bloqueo econ\u00f3mico como arma terrorista contra el pueblo sirio.<\/p>\n<p style=\"text-align: justify;\">Asimismo, atribuy\u00f3 el cambio en el clima pol\u00edtico internacional hacia la cuesti\u00f3n siria a los logros alcanzados por Siria en la guerra contra el terrorismo.<\/p>\n<p style=\"text-align: justify;\">\u201cSiria no renunciar\u00e1 ni a una pulgada de su territorio, y las fuerzas de ocupaci\u00f3n estadounidenses y turcas deben retirarse de los territorios que ocupan\u201d, reafirm\u00f3 el jefe de la diplomacia siria.<\/p>\n<p style=\"text-align: justify;\">Manifest\u00f3 que Siria est\u00e1 decidida a eliminar el terrorismo en todos sus territorios, y la milicia FDS debe dejar de colaborar y actuar al servicio de los planes de Estados Unidos.<\/p>\n<p style=\"text-align: justify;\">Asimismo, esper\u00f3 fortalecer la acci\u00f3n pan\u00e1rabe para enfrentar los desaf\u00edos en el futuro.<\/p>\n<p style=\"text-align: justify;\">Explic\u00f3 que la aprobaci\u00f3n de Siria para transferir gas egipcio al L\u00edbano surgi\u00f3 de sus posturas pan\u00e1rabes hacia el hermano pueblo liban\u00e9s, y la apertura del cruce fronterizo de Nassib entre Siria y Jordania ayuda a mejorar la situaci\u00f3n econ\u00f3mica en ambos pa\u00edses.<\/p>\n<p style=\"text-align: justify;\"><span style=\"color: #0000ff;\"><strong>sm\/fm<\/strong><\/span><\/p>\n","protected":false},"excerpt":{"rendered":"<p>Damasco, 7 oct (SANA) El ministro de Exteriores y Expatriados, Faisal al-Mekdad, afirm\u00f3 en una entrevista con los canales nacionales de Al-Suriya y Al-Ikhbariya, que la lucha contra el terrorismo continuar\u00e1 hasta su definitiva erradicaci\u00f3n. \u201cSea en Idlib o en la regi\u00f3n de Al-Yazira, la lucha contra el terrorismo continuar\u00e1 hasta su eliminaci\u00f3n por completo\u201d, &hellip;<\/p>\n","protected":false},"author":39,"featured_media":200363,"comment_status":"closed","ping_status":"closed","sticky":false,"template":"","format":"standard","meta":{"footnotes":""},"categories":[447,477,597,7541],"tags":[],"class_list":["post-200362","post","type-post","status-publish","format-standard","has-post-thumbnail","","category-local-politica","category-noticias-edulcorantes","category-cinta-de-noticias","category-ultimas-noticias"],"_links":{"self":[{"href":"https:\/\/archive.sana.sy\/es\/index.php?rest_route=\/wp\/v2\/posts\/200362"}],"collection":[{"href":"https:\/\/archive.sana.sy\/es\/index.php?rest_route=\/wp\/v2\/posts"}],"about":[{"href":"https:\/\/archive.sana.sy\/es\/index.php?rest_route=\/wp\/v2\/types\/post"}],"author":[{"embeddable":true,"href":"https:\/\/archive.sana.sy\/es\/index.php?rest_route=\/wp\/v2\/users\/39"}],"replies":[{"embeddable":true,"href":"https:\/\/archive.sana.sy\/es\/index.php?rest_route=%2Fwp%2Fv2%2Fcomments&post=200362"}],"version-history":[{"count":0,"href":"https:\/\/archive.sana.sy\/es\/index.php?rest_route=\/wp\/v2\/posts\/200362\/revisions"}],"wp:featuredmedia":[{"embeddable":true,"href":"https:\/\/archive.sana.sy\/es\/index.php?rest_route=\/wp\/v2\/media\/200363"}],"wp:attachment":[{"href":"https:\/\/archive.sana.sy\/es\/index.php?rest_route=%2Fwp%2Fv2%2Fmedia&parent=200362"}],"wp:term":[{"taxonomy":"category","embeddable":true,"href":"https:\/\/archive.sana.sy\/es\/index.php?rest_route=%2Fwp%2Fv2%2Fcategories&post=200362"},{"taxonomy":"post_tag","embeddable":true,"href":"https:\/\/archive.sana.sy\/es\/index.php?rest_route=%2Fwp%2Fv2%2Ftags&post=200362"}],"curies":[{"name":"wp","href":"https:\/\/api.w.org\/{rel}","templated":true}]}}