{"id":200414,"date":"2021-10-08T07:42:24","date_gmt":"2021-10-08T04:42:24","guid":{"rendered":"http:\/\/107.6.182.27\/es\/?p=200414"},"modified":"2021-10-08T08:45:24","modified_gmt":"2021-10-08T05:45:24","slug":"200414","status":"publish","type":"post","link":"https:\/\/archive.sana.sy\/es\/?p=200414","title":{"rendered":"Titulares de la agencia SANA, 08 de octubre 2021"},"content":{"rendered":"<p style=\"text-align: justify;\"><span style=\"color: #800000;\"><strong>Damasco, 08 Oct (SANA)\u00a0<\/strong><\/span><\/p>\n<p style=\"text-align: justify;\">????Terroristas en Idlib planean ataque qu\u00edmico para acusar al ej\u00e9rcito sirio<\/p>\n<p style=\"text-align: justify;\">????Protestas populares exigen expulsi\u00f3n de milicia aliada de EEUU en Remelan\/ Hasakeh<\/p>\n<p style=\"text-align: justify;\">????Armados de Sanamen\/Deraa se rinden al ej\u00e9rcito sirio<\/p>\n<p style=\"text-align: justify;\">????Muere un civil y otros 16 resultan heridos durante su enfrentamiento a la milicia FDS en Tel Brak\/Hasakeh<\/p>\n<p style=\"text-align: justify;\">????Video: Ceremonia de graduaci\u00f3n de cientos de nuevos oficiales del Ej\u00e9rcito de Siria<\/p>\n<p style=\"text-align: justify;\">????Ej\u00e9rcito entra en ciudad de Jassem\/Deraa y comienza operaciones de peinado<\/p>\n<p style=\"text-align: justify;\">????Frente Europeo de Solidaridad con Siria en Espa\u00f1a: La Guerra de Octubre devolvi\u00f3 la dignidad a la naci\u00f3n \u00e1rabe<\/p>\n<p style=\"text-align: justify;\">????Protesta frente a sede de la ONU en Damasco contra el &#8220;acuerdo marco&#8221; entre la UNRWA y EEUU<\/p>\n<p style=\"text-align: justify;\">????Dos civiles resultan heridos por explosi\u00f3n de una bomba en Quneitra<\/p>\n<p style=\"text-align: justify;\">????Consejo Ortodoxo de Antioqu\u00eda nombra nuevo Metropolita de Alepo y Alejandreta<\/p>\n<p style=\"text-align: justify;\">????Occidente provoc\u00f3 el desplazamiento de muchos sirios, afirma ex Primer Ministro eslovaco<\/p>\n<p style=\"text-align: justify;\">????Ir\u00e1n pide presi\u00f3n internacional sobre \u201cIsrael\u201d para que se una al Tratado de No Proliferaci\u00f3n Nuclear<\/p>\n<p style=\"text-align: justify;\">????Perece soldado turco al norte de Siria<\/p>\n<p style=\"text-align: justify;\">????Ministerio de Salud lanza campa\u00f1a nacional de vacunaci\u00f3n contra la poliomielitis<\/p>\n<p style=\"text-align: justify;\">????Prevista reuni\u00f3n entre presidentes de Rusia e Ir\u00e1n antes de finales del a\u00f1o en curso<\/p>\n<p style=\"text-align: justify;\">????Administraci\u00f3n estadounidense exige el fin de la colonizaci\u00f3n israel\u00ed<\/p>\n<p style=\"text-align: justify;\">????Conversaciones sirio-libanesas sobre la cooperaci\u00f3n en el suministro de gas y electricidad al L\u00edbano<\/p>\n<p style=\"text-align: justify;\">????Siria es el pilar del eje de la resistencia, afirman Eruditos musulmanes en el L\u00edbano<\/p>\n<p style=\"text-align: justify;\">????285 instalaciones industriales productivas y 630 bajo construcci\u00f3n en Hassieh (+fotos)<\/p>\n<p style=\"text-align: justify;\">????Ej\u00e9rcito yemen\u00ed derriba un avi\u00f3n esp\u00eda saud\u00ed en Jazan<\/p>\n<p style=\"text-align: justify;\">????Serbia anuncia inter\u00e9s de fortalecer cooperaci\u00f3n econ\u00f3mica con Siria<\/p>\n<p style=\"text-align: justify;\">????Canciller al-Mekdad en entrevista con la televisi\u00f3n nacional: La lucha contra el terrorismo continuar\u00e1 hasta su definitiva erradicaci\u00f3n, sea en Idlib o en la regi\u00f3n de Al-Yazira<\/p>\n<p style=\"text-align: justify;\">????Empe\u00f1o gubernamental para recuperar la industria en Alepo (+fotos)<\/p>\n<p style=\"text-align: justify;\">????Agricultores recolectan 600 hect\u00e1reas de algod\u00f3n en Deir Ezzor (+fotos)<\/p>\n<p style=\"text-align: justify;\">????Siria debe permanecer en lista de prioridades de los donantes, afirma Director Regional de UNFPA<\/p>\n<p style=\"text-align: justify;\">????Siria report\u00f3 262 nuevos casos de Covid-19<\/p>\n<p style=\"text-align: justify;\">????Entrega de ayuda humanitaria debe ser a todos los sirios y en coordinaci\u00f3n con su gobierno, afirma Zakharova<\/p>\n","protected":false},"excerpt":{"rendered":"<p>Damasco, 08 Oct (SANA)\u00a0 ????Terroristas en Idlib planean ataque qu\u00edmico para acusar al ej\u00e9rcito sirio ????Protestas populares exigen expulsi\u00f3n de milicia aliada de EEUU en Remelan\/ Hasakeh ????Armados de Sanamen\/Deraa se rinden al ej\u00e9rcito sirio ????Muere un civil y otros 16 resultan heridos durante su enfrentamiento a la milicia FDS en Tel Brak\/Hasakeh ????Video: Ceremonia &hellip;<\/p>\n","protected":false},"author":30,"featured_media":199481,"comment_status":"closed","ping_status":"closed","sticky":false,"template":"","format":"standard","meta":{"footnotes":""},"categories":[555,597,7541],"tags":[],"class_list":["post-200414","post","type-post","status-publish","format-standard","has-post-thumbnail","","category-prensa","category-cinta-de-noticias","category-ultimas-noticias"],"_links":{"self":[{"href":"https:\/\/archive.sana.sy\/es\/index.php?rest_route=\/wp\/v2\/posts\/200414"}],"collection":[{"href":"https:\/\/archive.sana.sy\/es\/index.php?rest_route=\/wp\/v2\/posts"}],"about":[{"href":"https:\/\/archive.sana.sy\/es\/index.php?rest_route=\/wp\/v2\/types\/post"}],"author":[{"embeddable":true,"href":"https:\/\/archive.sana.sy\/es\/index.php?rest_route=\/wp\/v2\/users\/30"}],"replies":[{"embeddable":true,"href":"https:\/\/archive.sana.sy\/es\/index.php?rest_route=%2Fwp%2Fv2%2Fcomments&post=200414"}],"version-history":[{"count":0,"href":"https:\/\/archive.sana.sy\/es\/index.php?rest_route=\/wp\/v2\/posts\/200414\/revisions"}],"wp:featuredmedia":[{"embeddable":true,"href":"https:\/\/archive.sana.sy\/es\/index.php?rest_route=\/wp\/v2\/media\/199481"}],"wp:attachment":[{"href":"https:\/\/archive.sana.sy\/es\/index.php?rest_route=%2Fwp%2Fv2%2Fmedia&parent=200414"}],"wp:term":[{"taxonomy":"category","embeddable":true,"href":"https:\/\/archive.sana.sy\/es\/index.php?rest_route=%2Fwp%2Fv2%2Fcategories&post=200414"},{"taxonomy":"post_tag","embeddable":true,"href":"https:\/\/archive.sana.sy\/es\/index.php?rest_route=%2Fwp%2Fv2%2Ftags&post=200414"}],"curies":[{"name":"wp","href":"https:\/\/api.w.org\/{rel}","templated":true}]}}