{"id":20053,"date":"2015-03-24T22:28:16","date_gmt":"2015-03-24T20:28:16","guid":{"rendered":"http:\/\/www.sana.sy\/es\/?p=20053"},"modified":"2015-03-25T13:13:58","modified_gmt":"2015-03-25T11:13:58","slug":"ejercito-elimina-a-dos-grupos-terroristas-en-deraa-y-acaba-con-terroristas-del-frente-al-nousra-en-quneitra","status":"publish","type":"post","link":"https:\/\/archive.sana.sy\/es\/?p=20053","title":{"rendered":"Ej\u00e9rcito elimina a dos grupos terroristas en Deraa y acaba con terroristas del Frente al-Nousra en Quneitra"},"content":{"rendered":"<p style=\"text-align: justify\"><span style=\"color: #ff0000\">Provincias, SANA<\/span><\/p>\n<p style=\"text-align: justify\">Unidades de las Fuerzas Armadas han llevado a cabo exitosos operativos militares antiterroristas en diferente zonas del territorio nacional.<\/p>\n<p style=\"text-align: justify\"><span style=\"color: #0000ff\">Deraa<\/span><\/p>\n<p style=\"text-align: justify\">En la provincia sure\u00f1a de Deraa, escuadras militares liquidaron a los integrantes de dos grupos terroristas en dos operativos antiterroristas, el primero se llev\u00f3 acabo al noreste del poblado de Salmeen y el segundo en el norte de la aldea de Zamreen, en el campo de la provincia.<\/p>\n<p style=\"text-align: justify\">Asimismo, las unidades del ej\u00e9rcito y de las FFAA, continuaron con sus operativos militares contra los grupos terroristas la frente al-Nusra, y el Movimiento Isl\u00e1mico al-Muzanna en la ciudad Busra al-Sham donde los terroristas han sufrido grandes p\u00e9rdidas tanto humanas como materiales.<\/p>\n<p style=\"text-align: justify\"><span style=\"color: #0000ff\">Quneitra<\/span><\/p>\n<p style=\"text-align: justify\">Por otro lado, varios armados de la organizaci\u00f3n terrorista del Frente al-Nousra, cayeron entre muertos o heridos en un operativo del ej\u00e9rcito contra una concentraciones de armados, en la colina de Masshara, en la provincia sure\u00f1a de Quneitra.<\/p>\n<p style=\"text-align: justify\"><span style=\"color: #0000ff\">Homs<\/span><\/p>\n<p style=\"text-align: justify\">Escuadras del ej\u00e9rcito repelieron un ataque de terroristas de la organizaci\u00f3n del Estado Isl\u00e1mico contra la presa de al-Rastan en el campo norte de Homs.<br \/>\nVarios de los terroristas atacantes cayeron entre muertos o heridos.<\/p>\n<p style=\"text-align: justify\">En el campo este de Homs, los operativos del ej\u00e9rcito en los poblados de Anek al-Hawa y Rahum, dejaron a decenas de terroristas entre muertos o heridos.<\/p>\n<p style=\"text-align: justify\"><span style=\"color: #0000ff\">Alepo<\/span><\/p>\n<p style=\"text-align: justify\">Los operativos del ej\u00e9rcito abarcaron tambi\u00e9n el norte de Alepo, donde las Fuerzas Armadas bombardearon las concentraciones de las organizaciones terroristas.<\/p>\n<p style=\"text-align: justify\">En las localidades de Tal Yabeen, Khan Toman, Babis y Brej en el campo norte de Alepo, unidades del ej\u00e9rcito acabaron con numerosos terroristas.<\/p>\n<p style=\"text-align: justify\"><span style=\"color: #0000ff\">Hassakeh<\/span><\/p>\n<p style=\"text-align: justify\">Asimismo, una unidad del ej\u00e9rcito realiz\u00f3 un intenso operativo contra un refugio utilizado por los terroristas del Estado Isl\u00e1mico para preparar coches bombas, fabricar cinturones y artefactos explosivos en la periferia de la ciudad de al-Shadadi en el campo sure\u00f1o de Hassakeh.<\/p>\n<p style=\"text-align: justify\">En este operativos decenas de terroristas del EI resultaron muertos y heridos, en su gran mayor\u00eda cabecillas y especializados en explosivos.<\/p>\n<p style=\"text-align: justify\"><span style=\"color: #0000ff\">Damasco-Campo<\/span><\/p>\n<p>Unidades del ej\u00e9rcito lanzan una operaci\u00f3n especial contra escondites terroristas pertenecientes a los grupos de Liwaa al-Islam, el ej\u00e9rcito del Islam, y Ajnad al-Sham en las zonas de las monta\u00f1as del Kalamun, al-Zabadani, y en la Gouta Oriental donde los terroristas han sufrido grandes bajas humanas y p\u00e9rdidas materiales.<\/p>\n<p><span style=\"color: #00ccff\">Fady M., Hala B., Lynn A., M.Miri<br \/>\n<\/span><\/p>\n","protected":false},"excerpt":{"rendered":"<p>Provincias, SANA Unidades de las Fuerzas Armadas han llevado a cabo exitosos operativos militares antiterroristas en diferente zonas del territorio nacional. Deraa En la provincia sure\u00f1a de Deraa, escuadras militares liquidaron a los integrantes de dos grupos terroristas en dos operativos antiterroristas, el primero se llev\u00f3 acabo al noreste del poblado de Salmeen y el &hellip;<\/p>\n","protected":false},"author":1,"featured_media":20054,"comment_status":"closed","ping_status":"closed","sticky":false,"template":"","format":"standard","meta":{"footnotes":""},"categories":[573],"tags":[4536],"class_list":["post-20053","post","type-post","status-publish","format-standard","has-post-thumbnail","","category-la-realidad-de-los-acontecimientos-en-siria","tag-ejercito-elimina-a-dos-grupos-terroristas-en-deraa-y-acaba-con-terroristas-del-frente-al-nousra-en-quneitra"],"_links":{"self":[{"href":"https:\/\/archive.sana.sy\/es\/index.php?rest_route=\/wp\/v2\/posts\/20053"}],"collection":[{"href":"https:\/\/archive.sana.sy\/es\/index.php?rest_route=\/wp\/v2\/posts"}],"about":[{"href":"https:\/\/archive.sana.sy\/es\/index.php?rest_route=\/wp\/v2\/types\/post"}],"author":[{"embeddable":true,"href":"https:\/\/archive.sana.sy\/es\/index.php?rest_route=\/wp\/v2\/users\/1"}],"replies":[{"embeddable":true,"href":"https:\/\/archive.sana.sy\/es\/index.php?rest_route=%2Fwp%2Fv2%2Fcomments&post=20053"}],"version-history":[{"count":0,"href":"https:\/\/archive.sana.sy\/es\/index.php?rest_route=\/wp\/v2\/posts\/20053\/revisions"}],"wp:featuredmedia":[{"embeddable":true,"href":"https:\/\/archive.sana.sy\/es\/index.php?rest_route=\/wp\/v2\/media\/20054"}],"wp:attachment":[{"href":"https:\/\/archive.sana.sy\/es\/index.php?rest_route=%2Fwp%2Fv2%2Fmedia&parent=20053"}],"wp:term":[{"taxonomy":"category","embeddable":true,"href":"https:\/\/archive.sana.sy\/es\/index.php?rest_route=%2Fwp%2Fv2%2Fcategories&post=20053"},{"taxonomy":"post_tag","embeddable":true,"href":"https:\/\/archive.sana.sy\/es\/index.php?rest_route=%2Fwp%2Fv2%2Ftags&post=20053"}],"curies":[{"name":"wp","href":"https:\/\/api.w.org\/{rel}","templated":true}]}}